{"id":791,"date":"2016-01-20T14:00:53","date_gmt":"2016-01-20T14:00:53","guid":{"rendered":"http:\/\/vientosur.top\/museo\/\/?p=680"},"modified":"2016-01-20T14:00:53","modified_gmt":"2016-01-20T14:00:53","slug":"museo-violeta-parra-homenajea-a-antar-bisnieto-de-violeta","status":"publish","type":"post","link":"http:\/\/vientosur.top\/museo\/museo-violeta-parra-homenajea-a-antar-bisnieto-de-violeta\/","title":{"rendered":"Museo Violeta Parra homenajea a Antar, bisnieto de Violeta"},"content":{"rendered":"<p>Este 23 y 24 de enero Tita Parra, presentar\u00e1 canciones in\u00e9ditas junto a Greco Acu\u00f1a, Alejandro Orellana y Gonzalo Jara. El grupo \u201c\u00c1cido un placer\u201d, fundado por el m\u00fasico Antar Parra, lo recordar\u00e1 con una renovada formaci\u00f3n.<\/p>\n<p><!--more--><\/p>\n<p>Un emotivo fin de semana es el que tendr\u00e1 este 23 y 24 de enero el Museo Violeta Parra. Ambos d\u00edas se realizar\u00e1n homenajes a Antar Parra, bisnieto de Violeta e hijo de Tita, quien parti\u00f3 en 2010 mientras se encontraba ampliando sus conocimientos musicales en Brasil.<\/p>\n<p>El homenaje, que se produce en el aniversario 32 de su natalicio, tendr\u00e1 lugar precisamente en el auditorio que lleva su nombre en el museo, donde los amigos de su banda \u201c\u00c1cido un placer\u201d interpretar\u00e1n las canciones que concibieron juntos, hoy con nueva formaci\u00f3n.<\/p>\n<p>Tita, su madre, tambi\u00e9n le dedicar\u00e1 in\u00e9ditas canciones junto a Greco Acu\u00f1a, Alejandro Orellana y Gonzalo Jara. Los espect\u00e1culos comenzar\u00e1n a las 16:00 horas y la entrada es totalmente gratuita, tanto s\u00e1bado como domingo.<\/p>\n<p>Quienes quieran asistir, deber\u00e1n llegar con anticipaci\u00f3n al Museo Violeta Parra puesto que no se requieren invitaciones.<\/p>\n","protected":false},"excerpt":{"rendered":"<p>Este 23 y 24 de enero Tita Parra, presentar\u00e1 canciones in\u00e9ditas junto a Greco Acu\u00f1a, Alejandro Orellana y Gonzalo Jara. El grupo \u201c\u00c1cido un placer\u201d, fundado por el m\u00fasico Antar Parra, lo recordar\u00e1 con una renovada formaci\u00f3n.<\/p>\n","protected":false},"author":5,"featured_media":681,"comment_status":"open","ping_status":"open","sticky":false,"template":"","format":"standard","meta":{"site-sidebar-layout":"default","site-content-layout":"","ast-site-content-layout":"default","site-content-style":"default","site-sidebar-style":"default","ast-global-header-display":"","ast-banner-title-visibility":"","ast-main-header-display":"","ast-hfb-above-header-display":"","ast-hfb-below-header-display":"","ast-hfb-mobile-header-display":"","site-post-title":"","ast-breadcrumbs-content":"","ast-featured-img":"","footer-sml-layout":"","theme-transparent-header-meta":"","adv-header-id-meta":"","stick-header-meta":"","header-above-stick-meta":"","header-main-stick-meta":"","header-below-stick-meta":"","astra-migrate-meta-layouts":"default","ast-page-background-enabled":"default","ast-page-background-meta":{"desktop":{"background-color":"var(--ast-global-color-4)","background-image":"","background-repeat":"repeat","background-position":"center center","background-size":"auto","background-attachment":"scroll","background-type":"","background-media":"","overlay-type":"","overlay-color":"","overlay-opacity":"","overlay-gradient":""},"tablet":{"background-color":"","background-image":"","background-repeat":"repeat","background-position":"center center","background-size":"auto","background-attachment":"scroll","background-type":"","background-media":"","overlay-type":"","overlay-color":"","overlay-opacity":"","overlay-gradient":""},"mobile":{"background-color":"","background-image":"","background-repeat":"repeat","background-position":"center center","background-size":"auto","background-attachment":"scroll","background-type":"","background-media":"","overlay-type":"","overlay-color":"","overlay-opacity":"","overlay-gradient":""}},"ast-content-background-meta":{"desktop":{"background-color":"var(--ast-global-color-5)","background-image":"","background-repeat":"repeat","background-position":"center center","background-size":"auto","background-attachment":"scroll","background-type":"","background-media":"","overlay-type":"","overlay-color":"","overlay-opacity":"","overlay-gradient":""},"tablet":{"background-color":"var(--ast-global-color-5)","background-image":"","background-repeat":"repeat","background-position":"center center","background-size":"auto","background-attachment":"scroll","background-type":"","background-media":"","overlay-type":"","overlay-color":"","overlay-opacity":"","overlay-gradient":""},"mobile":{"background-color":"var(--ast-global-color-5)","background-image":"","background-repeat":"repeat","background-position":"center center","background-size":"auto","background-attachment":"scroll","background-type":"","background-media":"","overlay-type":"","overlay-color":"","overlay-opacity":"","overlay-gradient":""}},"footnotes":""},"categories":[8,61],"tags":[],"class_list":["post-791","post","type-post","status-publish","format-standard","has-post-thumbnail","hentry","category-noticias","category-novedades"],"yoast_head":"<!-- This site is optimized with the Yoast SEO plugin v25.4 - https:\/\/yoast.com\/wordpress\/plugins\/seo\/ -->\n<title>Museo Violeta Parra homenajea a Antar, bisnieto de Violeta - Museo Violeta Parra<\/title>\n<meta name=\"robots\" content=\"index, follow, max-snippet:-1, max-image-preview:large, max-video-preview:-1\" \/>\n<link rel=\"canonical\" href=\"http:\/\/vientosur.top\/museo\/museo-violeta-parra-homenajea-a-antar-bisnieto-de-violeta\/\" \/>\n<meta property=\"og:locale\" content=\"es_ES\" \/>\n<meta property=\"og:type\" content=\"article\" \/>\n<meta property=\"og:title\" content=\"Museo Violeta Parra homenajea a Antar, bisnieto de Violeta - Museo Violeta Parra\" \/>\n<meta property=\"og:description\" content=\"Este 23 y 24 de enero Tita Parra, presentar\u00e1 canciones in\u00e9ditas junto a Greco Acu\u00f1a, Alejandro Orellana y Gonzalo Jara. El grupo \u201c\u00c1cido un placer\u201d, fundado por el m\u00fasico Antar Parra, lo recordar\u00e1 con una renovada formaci\u00f3n.\" \/>\n<meta property=\"og:url\" content=\"http:\/\/vientosur.top\/museo\/museo-violeta-parra-homenajea-a-antar-bisnieto-de-violeta\/\" \/>\n<meta property=\"og:site_name\" content=\"Museo Violeta Parra\" \/>\n<meta property=\"article:published_time\" content=\"2016-01-20T14:00:53+00:00\" \/>\n<meta name=\"author\" content=\"admin\" \/>\n<meta name=\"twitter:card\" content=\"summary_large_image\" \/>\n<meta name=\"twitter:label1\" content=\"Escrito por\" \/>\n\t<meta name=\"twitter:data1\" content=\"admin\" \/>\n\t<meta name=\"twitter:label2\" content=\"Tiempo de lectura\" \/>\n\t<meta name=\"twitter:data2\" content=\"1 minuto\" \/>\n<script type=\"application\/ld+json\" class=\"yoast-schema-graph\">{\"@context\":\"https:\/\/schema.org\",\"@graph\":[{\"@type\":\"WebPage\",\"@id\":\"http:\/\/vientosur.top\/museo\/museo-violeta-parra-homenajea-a-antar-bisnieto-de-violeta\/\",\"url\":\"http:\/\/vientosur.top\/museo\/museo-violeta-parra-homenajea-a-antar-bisnieto-de-violeta\/\",\"name\":\"Museo Violeta Parra homenajea a Antar, bisnieto de Violeta - Museo Violeta Parra\",\"isPartOf\":{\"@id\":\"http:\/\/vientosur.top\/museo\/#website\"},\"primaryImageOfPage\":{\"@id\":\"http:\/\/vientosur.top\/museo\/museo-violeta-parra-homenajea-a-antar-bisnieto-de-violeta\/#primaryimage\"},\"image\":{\"@id\":\"http:\/\/vientosur.top\/museo\/museo-violeta-parra-homenajea-a-antar-bisnieto-de-violeta\/#primaryimage\"},\"thumbnailUrl\":\"\",\"datePublished\":\"2016-01-20T14:00:53+00:00\",\"author\":{\"@id\":\"http:\/\/vientosur.top\/museo\/#\/schema\/person\/20c79d3c38800971feec8c2693c3dd9c\"},\"breadcrumb\":{\"@id\":\"http:\/\/vientosur.top\/museo\/museo-violeta-parra-homenajea-a-antar-bisnieto-de-violeta\/#breadcrumb\"},\"inLanguage\":\"es\",\"potentialAction\":[{\"@type\":\"ReadAction\",\"target\":[\"http:\/\/vientosur.top\/museo\/museo-violeta-parra-homenajea-a-antar-bisnieto-de-violeta\/\"]}]},{\"@type\":\"ImageObject\",\"inLanguage\":\"es\",\"@id\":\"http:\/\/vientosur.top\/museo\/museo-violeta-parra-homenajea-a-antar-bisnieto-de-violeta\/#primaryimage\",\"url\":\"\",\"contentUrl\":\"\"},{\"@type\":\"BreadcrumbList\",\"@id\":\"http:\/\/vientosur.top\/museo\/museo-violeta-parra-homenajea-a-antar-bisnieto-de-violeta\/#breadcrumb\",\"itemListElement\":[{\"@type\":\"ListItem\",\"position\":1,\"name\":\"Portada\",\"item\":\"http:\/\/vientosur.top\/museo\/\"},{\"@type\":\"ListItem\",\"position\":2,\"name\":\"Museo Violeta Parra homenajea a Antar, bisnieto de Violeta\"}]},{\"@type\":\"WebSite\",\"@id\":\"http:\/\/vientosur.top\/museo\/#website\",\"url\":\"http:\/\/vientosur.top\/museo\/\",\"name\":\"Museo Violeta Parra\",\"description\":\"Espacio que alberga tanto la memoria y legado creativo de la artista\",\"potentialAction\":[{\"@type\":\"SearchAction\",\"target\":{\"@type\":\"EntryPoint\",\"urlTemplate\":\"http:\/\/vientosur.top\/museo\/?s={search_term_string}\"},\"query-input\":{\"@type\":\"PropertyValueSpecification\",\"valueRequired\":true,\"valueName\":\"search_term_string\"}}],\"inLanguage\":\"es\"},{\"@type\":\"Person\",\"@id\":\"http:\/\/vientosur.top\/museo\/#\/schema\/person\/20c79d3c38800971feec8c2693c3dd9c\",\"name\":\"admin\",\"image\":{\"@type\":\"ImageObject\",\"inLanguage\":\"es\",\"@id\":\"http:\/\/vientosur.top\/museo\/#\/schema\/person\/image\/\",\"url\":\"https:\/\/secure.gravatar.com\/avatar\/713677ece3ffa642287213a80e5b773bce9ab81c269dd6d95102a990951c922f?s=96&d=mm&r=g\",\"contentUrl\":\"https:\/\/secure.gravatar.com\/avatar\/713677ece3ffa642287213a80e5b773bce9ab81c269dd6d95102a990951c922f?s=96&d=mm&r=g\",\"caption\":\"admin\"},\"sameAs\":[\"http:\/\/vientosur.top\/museo\"],\"url\":\"http:\/\/vientosur.top\/museo\/author\/comunicacionesmvp\/\"}]}<\/script>\n<!-- \/ Yoast SEO plugin. -->","yoast_head_json":{"title":"Museo Violeta Parra homenajea a Antar, bisnieto de Violeta - Museo Violeta Parra","robots":{"index":"index","follow":"follow","max-snippet":"max-snippet:-1","max-image-preview":"max-image-preview:large","max-video-preview":"max-video-preview:-1"},"canonical":"http:\/\/vientosur.top\/museo\/museo-violeta-parra-homenajea-a-antar-bisnieto-de-violeta\/","og_locale":"es_ES","og_type":"article","og_title":"Museo Violeta Parra homenajea a Antar, bisnieto de Violeta - Museo Violeta Parra","og_description":"Este 23 y 24 de enero Tita Parra, presentar\u00e1 canciones in\u00e9ditas junto a Greco Acu\u00f1a, Alejandro Orellana y Gonzalo Jara. El grupo \u201c\u00c1cido un placer\u201d, fundado por el m\u00fasico Antar Parra, lo recordar\u00e1 con una renovada formaci\u00f3n.","og_url":"http:\/\/vientosur.top\/museo\/museo-violeta-parra-homenajea-a-antar-bisnieto-de-violeta\/","og_site_name":"Museo Violeta Parra","article_published_time":"2016-01-20T14:00:53+00:00","author":"admin","twitter_card":"summary_large_image","twitter_misc":{"Escrito por":"admin","Tiempo de lectura":"1 minuto"},"schema":{"@context":"https:\/\/schema.org","@graph":[{"@type":"WebPage","@id":"http:\/\/vientosur.top\/museo\/museo-violeta-parra-homenajea-a-antar-bisnieto-de-violeta\/","url":"http:\/\/vientosur.top\/museo\/museo-violeta-parra-homenajea-a-antar-bisnieto-de-violeta\/","name":"Museo Violeta Parra homenajea a Antar, bisnieto de Violeta - Museo Violeta Parra","isPartOf":{"@id":"http:\/\/vientosur.top\/museo\/#website"},"primaryImageOfPage":{"@id":"http:\/\/vientosur.top\/museo\/museo-violeta-parra-homenajea-a-antar-bisnieto-de-violeta\/#primaryimage"},"image":{"@id":"http:\/\/vientosur.top\/museo\/museo-violeta-parra-homenajea-a-antar-bisnieto-de-violeta\/#primaryimage"},"thumbnailUrl":"","datePublished":"2016-01-20T14:00:53+00:00","author":{"@id":"http:\/\/vientosur.top\/museo\/#\/schema\/person\/20c79d3c38800971feec8c2693c3dd9c"},"breadcrumb":{"@id":"http:\/\/vientosur.top\/museo\/museo-violeta-parra-homenajea-a-antar-bisnieto-de-violeta\/#breadcrumb"},"inLanguage":"es","potentialAction":[{"@type":"ReadAction","target":["http:\/\/vientosur.top\/museo\/museo-violeta-parra-homenajea-a-antar-bisnieto-de-violeta\/"]}]},{"@type":"ImageObject","inLanguage":"es","@id":"http:\/\/vientosur.top\/museo\/museo-violeta-parra-homenajea-a-antar-bisnieto-de-violeta\/#primaryimage","url":"","contentUrl":""},{"@type":"BreadcrumbList","@id":"http:\/\/vientosur.top\/museo\/museo-violeta-parra-homenajea-a-antar-bisnieto-de-violeta\/#breadcrumb","itemListElement":[{"@type":"ListItem","position":1,"name":"Portada","item":"http:\/\/vientosur.top\/museo\/"},{"@type":"ListItem","position":2,"name":"Museo Violeta Parra homenajea a Antar, bisnieto de Violeta"}]},{"@type":"WebSite","@id":"http:\/\/vientosur.top\/museo\/#website","url":"http:\/\/vientosur.top\/museo\/","name":"Museo Violeta Parra","description":"Espacio que alberga tanto la memoria y legado creativo de la artista","potentialAction":[{"@type":"SearchAction","target":{"@type":"EntryPoint","urlTemplate":"http:\/\/vientosur.top\/museo\/?s={search_term_string}"},"query-input":{"@type":"PropertyValueSpecification","valueRequired":true,"valueName":"search_term_string"}}],"inLanguage":"es"},{"@type":"Person","@id":"http:\/\/vientosur.top\/museo\/#\/schema\/person\/20c79d3c38800971feec8c2693c3dd9c","name":"admin","image":{"@type":"ImageObject","inLanguage":"es","@id":"http:\/\/vientosur.top\/museo\/#\/schema\/person\/image\/","url":"https:\/\/secure.gravatar.com\/avatar\/713677ece3ffa642287213a80e5b773bce9ab81c269dd6d95102a990951c922f?s=96&d=mm&r=g","contentUrl":"https:\/\/secure.gravatar.com\/avatar\/713677ece3ffa642287213a80e5b773bce9ab81c269dd6d95102a990951c922f?s=96&d=mm&r=g","caption":"admin"},"sameAs":["http:\/\/vientosur.top\/museo"],"url":"http:\/\/vientosur.top\/museo\/author\/comunicacionesmvp\/"}]}},"_links":{"self":[{"href":"http:\/\/vientosur.top\/museo\/wp-json\/wp\/v2\/posts\/791","targetHints":{"allow":["GET"]}}],"collection":[{"href":"http:\/\/vientosur.top\/museo\/wp-json\/wp\/v2\/posts"}],"about":[{"href":"http:\/\/vientosur.top\/museo\/wp-json\/wp\/v2\/types\/post"}],"author":[{"embeddable":true,"href":"http:\/\/vientosur.top\/museo\/wp-json\/wp\/v2\/users\/5"}],"replies":[{"embeddable":true,"href":"http:\/\/vientosur.top\/museo\/wp-json\/wp\/v2\/comments?post=791"}],"version-history":[{"count":0,"href":"http:\/\/vientosur.top\/museo\/wp-json\/wp\/v2\/posts\/791\/revisions"}],"wp:featuredmedia":[{"embeddable":true,"href":"http:\/\/vientosur.top\/museo\/wp-json\/"}],"wp:attachment":[{"href":"http:\/\/vientosur.top\/museo\/wp-json\/wp\/v2\/media?parent=791"}],"wp:term":[{"taxonomy":"category","embeddable":true,"href":"http:\/\/vientosur.top\/museo\/wp-json\/wp\/v2\/categories?post=791"},{"taxonomy":"post_tag","embeddable":true,"href":"http:\/\/vientosur.top\/museo\/wp-json\/wp\/v2\/tags?post=791"}],"curies":[{"name":"wp","href":"https:\/\/api.w.org\/{rel}","templated":true}]}}