{"id":792,"date":"2016-02-03T12:35:53","date_gmt":"2016-02-03T12:35:53","guid":{"rendered":"http:\/\/vientosur.top\/museo\/\/?p=696"},"modified":"2016-02-03T12:35:53","modified_gmt":"2016-02-03T12:35:53","slug":"entretenidos-talleres-de-febrero-en-museo-violeta-parra","status":"publish","type":"post","link":"http:\/\/vientosur.top\/museo\/entretenidos-talleres-de-febrero-en-museo-violeta-parra\/","title":{"rendered":"Entretenidos talleres de febrero en Museo Violeta Parra"},"content":{"rendered":"<p>Una serie de actividades educativas se sumaron\u00a0este febrero a los conciertos gratuitos que cada fin de semana se realizan en el Museo Violeta Parra. Se trata de cuatro talleres pensados en ni\u00f1os, j\u00f3venes y adultos que estar\u00e1n disponibles sin costo para\u00a0las personas que visiten o permanezcan en Santiago durante el mes.<\/p>\n<p><!--more--><\/p>\n<p>El primero de ellos se realizar\u00e1 este s\u00e1bado 6 de febrero y contempla la participaci\u00f3n de ni\u00f1os desde los 8 a\u00f1os. Se trata del taller de confecci\u00f3n de m\u00e1scaras de papel mach\u00e9, a cargo de Andrea Troc, donde los participantes podr\u00e1n recordar las escenas circenses y teatrales de las obras de Violeta Parra.<\/p>\n<p>El 13 de febrero, en tanto,\u00a0se realizar\u00e1 el taller Barros Pomaire que instruir\u00e1 en la t\u00e9cnica del modelado de greda a mano. En la instancia, los part\u00edcipes podr\u00e1n confeccionar la figura de \u201cLa guitarrera\u201d.<\/p>\n<p><span style=\"line-height: 1.5;\">M\u00e1s adelante, el 20 de febrero, el colectivo Memorarte Arpilleras Urbanas ense\u00f1ar\u00e1 a confeccionar una pieza inspirada en el arte textil de Violeta, tan presente en el museo. Est\u00e1 destinado a j\u00f3venes desde los 15 a\u00f1os.<\/span><\/p>\n<p>Finalizando el mes, el 27 de febrero, la editorial Opalina Cartonera ense\u00f1ar\u00e1 a manufacturar un cuaderno con tapas de cart\u00f3n reciclado usando la t\u00e9cnica de la costura japonesa con cinta. Cabe recordar que todas estas actividades son gratuitas y se imparten de 15:00 a 18:00 horas.<\/p>\n<p>Quienes quieran participar deber\u00e1n inscribirse a los tel\u00e9fonos + 56 2 23554600 y +56 2 23554626, en la semana en que se impartir\u00e1n. Una vez registrados, se les confirmar\u00e1 su participaci\u00f3n un d\u00eda antes del taller.<\/p>\n<p><strong>Para conocer m\u00e1s de nuestros talleres ingresa <a href=\"http:\/\/vientosur.top\/museo\/\/actividades\/actividad\">aqu\u00ed<\/a><\/strong><\/p>\n","protected":false},"excerpt":{"rendered":"<p>Una serie de actividades educativas se sumaron\u00a0este febrero a los conciertos gratuitos que cada fin de semana se realizan en el Museo Violeta Parra. Se trata de cuatro talleres pensados en ni\u00f1os, j\u00f3venes y adultos que estar\u00e1n disponibles sin costo para\u00a0las personas que visiten o permanezcan en Santiago durante el mes.<\/p>\n","protected":false},"author":5,"featured_media":697,"comment_status":"open","ping_status":"open","sticky":false,"template":"","format":"standard","meta":{"site-sidebar-layout":"default","site-content-layout":"","ast-site-content-layout":"default","site-content-style":"default","site-sidebar-style":"default","ast-global-header-display":"","ast-banner-title-visibility":"","ast-main-header-display":"","ast-hfb-above-header-display":"","ast-hfb-below-header-display":"","ast-hfb-mobile-header-display":"","site-post-title":"","ast-breadcrumbs-content":"","ast-featured-img":"","footer-sml-layout":"","theme-transparent-header-meta":"","adv-header-id-meta":"","stick-header-meta":"","header-above-stick-meta":"","header-main-stick-meta":"","header-below-stick-meta":"","astra-migrate-meta-layouts":"default","ast-page-background-enabled":"default","ast-page-background-meta":{"desktop":{"background-color":"var(--ast-global-color-4)","background-image":"","background-repeat":"repeat","background-position":"center center","background-size":"auto","background-attachment":"scroll","background-type":"","background-media":"","overlay-type":"","overlay-color":"","overlay-opacity":"","overlay-gradient":""},"tablet":{"background-color":"","background-image":"","background-repeat":"repeat","background-position":"center center","background-size":"auto","background-attachment":"scroll","background-type":"","background-media":"","overlay-type":"","overlay-color":"","overlay-opacity":"","overlay-gradient":""},"mobile":{"background-color":"","background-image":"","background-repeat":"repeat","background-position":"center center","background-size":"auto","background-attachment":"scroll","background-type":"","background-media":"","overlay-type":"","overlay-color":"","overlay-opacity":"","overlay-gradient":""}},"ast-content-background-meta":{"desktop":{"background-color":"var(--ast-global-color-5)","background-image":"","background-repeat":"repeat","background-position":"center center","background-size":"auto","background-attachment":"scroll","background-type":"","background-media":"","overlay-type":"","overlay-color":"","overlay-opacity":"","overlay-gradient":""},"tablet":{"background-color":"var(--ast-global-color-5)","background-image":"","background-repeat":"repeat","background-position":"center center","background-size":"auto","background-attachment":"scroll","background-type":"","background-media":"","overlay-type":"","overlay-color":"","overlay-opacity":"","overlay-gradient":""},"mobile":{"background-color":"var(--ast-global-color-5)","background-image":"","background-repeat":"repeat","background-position":"center center","background-size":"auto","background-attachment":"scroll","background-type":"","background-media":"","overlay-type":"","overlay-color":"","overlay-opacity":"","overlay-gradient":""}},"footnotes":""},"categories":[59,8,61],"tags":[60,51,65],"class_list":["post-792","post","type-post","status-publish","format-standard","has-post-thumbnail","hentry","category-destacado-noticia","category-noticias","category-novedades","tag-educacion","tag-sala-educativa","tag-talleres"],"yoast_head":"<!-- This site is optimized with the Yoast SEO plugin v25.4 - https:\/\/yoast.com\/wordpress\/plugins\/seo\/ -->\n<title>Entretenidos talleres de febrero en Museo Violeta Parra - Museo Violeta Parra<\/title>\n<meta name=\"robots\" content=\"index, follow, max-snippet:-1, max-image-preview:large, max-video-preview:-1\" \/>\n<link rel=\"canonical\" href=\"http:\/\/vientosur.top\/museo\/entretenidos-talleres-de-febrero-en-museo-violeta-parra\/\" \/>\n<meta property=\"og:locale\" content=\"es_ES\" \/>\n<meta property=\"og:type\" content=\"article\" \/>\n<meta property=\"og:title\" content=\"Entretenidos talleres de febrero en Museo Violeta Parra - Museo Violeta Parra\" \/>\n<meta property=\"og:description\" content=\"Una serie de actividades educativas se sumaron\u00a0este febrero a los conciertos gratuitos que cada fin de semana se realizan en el Museo Violeta Parra. Se trata de cuatro talleres pensados en ni\u00f1os, j\u00f3venes y adultos que estar\u00e1n disponibles sin costo para\u00a0las personas que visiten o permanezcan en Santiago durante el mes.\" \/>\n<meta property=\"og:url\" content=\"http:\/\/vientosur.top\/museo\/entretenidos-talleres-de-febrero-en-museo-violeta-parra\/\" \/>\n<meta property=\"og:site_name\" content=\"Museo Violeta Parra\" \/>\n<meta property=\"article:published_time\" content=\"2016-02-03T12:35:53+00:00\" \/>\n<meta property=\"og:image\" content=\"http:\/\/vientosur.top\/museo\/wp-content\/uploads\/2016\/02\/talleres-nota.png\" \/>\n\t<meta property=\"og:image:width\" content=\"1227\" \/>\n\t<meta property=\"og:image:height\" content=\"701\" \/>\n\t<meta property=\"og:image:type\" content=\"image\/png\" \/>\n<meta name=\"author\" content=\"admin\" \/>\n<meta name=\"twitter:card\" content=\"summary_large_image\" \/>\n<meta name=\"twitter:label1\" content=\"Escrito por\" \/>\n\t<meta name=\"twitter:data1\" content=\"admin\" \/>\n\t<meta name=\"twitter:label2\" content=\"Tiempo de lectura\" \/>\n\t<meta name=\"twitter:data2\" content=\"1 minuto\" \/>\n<script type=\"application\/ld+json\" class=\"yoast-schema-graph\">{\"@context\":\"https:\/\/schema.org\",\"@graph\":[{\"@type\":\"WebPage\",\"@id\":\"http:\/\/vientosur.top\/museo\/entretenidos-talleres-de-febrero-en-museo-violeta-parra\/\",\"url\":\"http:\/\/vientosur.top\/museo\/entretenidos-talleres-de-febrero-en-museo-violeta-parra\/\",\"name\":\"Entretenidos talleres de febrero en Museo Violeta Parra - Museo Violeta Parra\",\"isPartOf\":{\"@id\":\"http:\/\/vientosur.top\/museo\/#website\"},\"primaryImageOfPage\":{\"@id\":\"http:\/\/vientosur.top\/museo\/entretenidos-talleres-de-febrero-en-museo-violeta-parra\/#primaryimage\"},\"image\":{\"@id\":\"http:\/\/vientosur.top\/museo\/entretenidos-talleres-de-febrero-en-museo-violeta-parra\/#primaryimage\"},\"thumbnailUrl\":\"http:\/\/vientosur.top\/museo\/wp-content\/uploads\/2016\/02\/talleres-nota.png\",\"datePublished\":\"2016-02-03T12:35:53+00:00\",\"author\":{\"@id\":\"http:\/\/vientosur.top\/museo\/#\/schema\/person\/20c79d3c38800971feec8c2693c3dd9c\"},\"breadcrumb\":{\"@id\":\"http:\/\/vientosur.top\/museo\/entretenidos-talleres-de-febrero-en-museo-violeta-parra\/#breadcrumb\"},\"inLanguage\":\"es\",\"potentialAction\":[{\"@type\":\"ReadAction\",\"target\":[\"http:\/\/vientosur.top\/museo\/entretenidos-talleres-de-febrero-en-museo-violeta-parra\/\"]}]},{\"@type\":\"ImageObject\",\"inLanguage\":\"es\",\"@id\":\"http:\/\/vientosur.top\/museo\/entretenidos-talleres-de-febrero-en-museo-violeta-parra\/#primaryimage\",\"url\":\"http:\/\/vientosur.top\/museo\/wp-content\/uploads\/2016\/02\/talleres-nota.png\",\"contentUrl\":\"http:\/\/vientosur.top\/museo\/wp-content\/uploads\/2016\/02\/talleres-nota.png\",\"width\":1227,\"height\":701},{\"@type\":\"BreadcrumbList\",\"@id\":\"http:\/\/vientosur.top\/museo\/entretenidos-talleres-de-febrero-en-museo-violeta-parra\/#breadcrumb\",\"itemListElement\":[{\"@type\":\"ListItem\",\"position\":1,\"name\":\"Portada\",\"item\":\"http:\/\/vientosur.top\/museo\/\"},{\"@type\":\"ListItem\",\"position\":2,\"name\":\"Entretenidos talleres de febrero en Museo Violeta Parra\"}]},{\"@type\":\"WebSite\",\"@id\":\"http:\/\/vientosur.top\/museo\/#website\",\"url\":\"http:\/\/vientosur.top\/museo\/\",\"name\":\"Museo Violeta Parra\",\"description\":\"Espacio que alberga tanto la memoria y legado creativo de la artista\",\"potentialAction\":[{\"@type\":\"SearchAction\",\"target\":{\"@type\":\"EntryPoint\",\"urlTemplate\":\"http:\/\/vientosur.top\/museo\/?s={search_term_string}\"},\"query-input\":{\"@type\":\"PropertyValueSpecification\",\"valueRequired\":true,\"valueName\":\"search_term_string\"}}],\"inLanguage\":\"es\"},{\"@type\":\"Person\",\"@id\":\"http:\/\/vientosur.top\/museo\/#\/schema\/person\/20c79d3c38800971feec8c2693c3dd9c\",\"name\":\"admin\",\"image\":{\"@type\":\"ImageObject\",\"inLanguage\":\"es\",\"@id\":\"http:\/\/vientosur.top\/museo\/#\/schema\/person\/image\/\",\"url\":\"https:\/\/secure.gravatar.com\/avatar\/713677ece3ffa642287213a80e5b773bce9ab81c269dd6d95102a990951c922f?s=96&d=mm&r=g\",\"contentUrl\":\"https:\/\/secure.gravatar.com\/avatar\/713677ece3ffa642287213a80e5b773bce9ab81c269dd6d95102a990951c922f?s=96&d=mm&r=g\",\"caption\":\"admin\"},\"sameAs\":[\"http:\/\/vientosur.top\/museo\"],\"url\":\"http:\/\/vientosur.top\/museo\/author\/comunicacionesmvp\/\"}]}<\/script>\n<!-- \/ Yoast SEO plugin. -->","yoast_head_json":{"title":"Entretenidos talleres de febrero en Museo Violeta Parra - Museo Violeta Parra","robots":{"index":"index","follow":"follow","max-snippet":"max-snippet:-1","max-image-preview":"max-image-preview:large","max-video-preview":"max-video-preview:-1"},"canonical":"http:\/\/vientosur.top\/museo\/entretenidos-talleres-de-febrero-en-museo-violeta-parra\/","og_locale":"es_ES","og_type":"article","og_title":"Entretenidos talleres de febrero en Museo Violeta Parra - Museo Violeta Parra","og_description":"Una serie de actividades educativas se sumaron\u00a0este febrero a los conciertos gratuitos que cada fin de semana se realizan en el Museo Violeta Parra. Se trata de cuatro talleres pensados en ni\u00f1os, j\u00f3venes y adultos que estar\u00e1n disponibles sin costo para\u00a0las personas que visiten o permanezcan en Santiago durante el mes.","og_url":"http:\/\/vientosur.top\/museo\/entretenidos-talleres-de-febrero-en-museo-violeta-parra\/","og_site_name":"Museo Violeta Parra","article_published_time":"2016-02-03T12:35:53+00:00","og_image":[{"width":1227,"height":701,"url":"http:\/\/vientosur.top\/museo\/wp-content\/uploads\/2016\/02\/talleres-nota.png","type":"image\/png"}],"author":"admin","twitter_card":"summary_large_image","twitter_misc":{"Escrito por":"admin","Tiempo de lectura":"1 minuto"},"schema":{"@context":"https:\/\/schema.org","@graph":[{"@type":"WebPage","@id":"http:\/\/vientosur.top\/museo\/entretenidos-talleres-de-febrero-en-museo-violeta-parra\/","url":"http:\/\/vientosur.top\/museo\/entretenidos-talleres-de-febrero-en-museo-violeta-parra\/","name":"Entretenidos talleres de febrero en Museo Violeta Parra - Museo Violeta Parra","isPartOf":{"@id":"http:\/\/vientosur.top\/museo\/#website"},"primaryImageOfPage":{"@id":"http:\/\/vientosur.top\/museo\/entretenidos-talleres-de-febrero-en-museo-violeta-parra\/#primaryimage"},"image":{"@id":"http:\/\/vientosur.top\/museo\/entretenidos-talleres-de-febrero-en-museo-violeta-parra\/#primaryimage"},"thumbnailUrl":"http:\/\/vientosur.top\/museo\/wp-content\/uploads\/2016\/02\/talleres-nota.png","datePublished":"2016-02-03T12:35:53+00:00","author":{"@id":"http:\/\/vientosur.top\/museo\/#\/schema\/person\/20c79d3c38800971feec8c2693c3dd9c"},"breadcrumb":{"@id":"http:\/\/vientosur.top\/museo\/entretenidos-talleres-de-febrero-en-museo-violeta-parra\/#breadcrumb"},"inLanguage":"es","potentialAction":[{"@type":"ReadAction","target":["http:\/\/vientosur.top\/museo\/entretenidos-talleres-de-febrero-en-museo-violeta-parra\/"]}]},{"@type":"ImageObject","inLanguage":"es","@id":"http:\/\/vientosur.top\/museo\/entretenidos-talleres-de-febrero-en-museo-violeta-parra\/#primaryimage","url":"http:\/\/vientosur.top\/museo\/wp-content\/uploads\/2016\/02\/talleres-nota.png","contentUrl":"http:\/\/vientosur.top\/museo\/wp-content\/uploads\/2016\/02\/talleres-nota.png","width":1227,"height":701},{"@type":"BreadcrumbList","@id":"http:\/\/vientosur.top\/museo\/entretenidos-talleres-de-febrero-en-museo-violeta-parra\/#breadcrumb","itemListElement":[{"@type":"ListItem","position":1,"name":"Portada","item":"http:\/\/vientosur.top\/museo\/"},{"@type":"ListItem","position":2,"name":"Entretenidos talleres de febrero en Museo Violeta Parra"}]},{"@type":"WebSite","@id":"http:\/\/vientosur.top\/museo\/#website","url":"http:\/\/vientosur.top\/museo\/","name":"Museo Violeta Parra","description":"Espacio que alberga tanto la memoria y legado creativo de la artista","potentialAction":[{"@type":"SearchAction","target":{"@type":"EntryPoint","urlTemplate":"http:\/\/vientosur.top\/museo\/?s={search_term_string}"},"query-input":{"@type":"PropertyValueSpecification","valueRequired":true,"valueName":"search_term_string"}}],"inLanguage":"es"},{"@type":"Person","@id":"http:\/\/vientosur.top\/museo\/#\/schema\/person\/20c79d3c38800971feec8c2693c3dd9c","name":"admin","image":{"@type":"ImageObject","inLanguage":"es","@id":"http:\/\/vientosur.top\/museo\/#\/schema\/person\/image\/","url":"https:\/\/secure.gravatar.com\/avatar\/713677ece3ffa642287213a80e5b773bce9ab81c269dd6d95102a990951c922f?s=96&d=mm&r=g","contentUrl":"https:\/\/secure.gravatar.com\/avatar\/713677ece3ffa642287213a80e5b773bce9ab81c269dd6d95102a990951c922f?s=96&d=mm&r=g","caption":"admin"},"sameAs":["http:\/\/vientosur.top\/museo"],"url":"http:\/\/vientosur.top\/museo\/author\/comunicacionesmvp\/"}]}},"_links":{"self":[{"href":"http:\/\/vientosur.top\/museo\/wp-json\/wp\/v2\/posts\/792","targetHints":{"allow":["GET"]}}],"collection":[{"href":"http:\/\/vientosur.top\/museo\/wp-json\/wp\/v2\/posts"}],"about":[{"href":"http:\/\/vientosur.top\/museo\/wp-json\/wp\/v2\/types\/post"}],"author":[{"embeddable":true,"href":"http:\/\/vientosur.top\/museo\/wp-json\/wp\/v2\/users\/5"}],"replies":[{"embeddable":true,"href":"http:\/\/vientosur.top\/museo\/wp-json\/wp\/v2\/comments?post=792"}],"version-history":[{"count":0,"href":"http:\/\/vientosur.top\/museo\/wp-json\/wp\/v2\/posts\/792\/revisions"}],"wp:featuredmedia":[{"embeddable":true,"href":"http:\/\/vientosur.top\/museo\/wp-json\/wp\/v2\/media\/697"}],"wp:attachment":[{"href":"http:\/\/vientosur.top\/museo\/wp-json\/wp\/v2\/media?parent=792"}],"wp:term":[{"taxonomy":"category","embeddable":true,"href":"http:\/\/vientosur.top\/museo\/wp-json\/wp\/v2\/categories?post=792"},{"taxonomy":"post_tag","embeddable":true,"href":"http:\/\/vientosur.top\/museo\/wp-json\/wp\/v2\/tags?post=792"}],"curies":[{"name":"wp","href":"https:\/\/api.w.org\/{rel}","templated":true}]}}