{"id":793,"date":"2016-02-03T18:10:36","date_gmt":"2016-02-03T18:10:36","guid":{"rendered":"http:\/\/vientosur.top\/museo\/\/?p=708"},"modified":"2016-02-03T18:10:36","modified_gmt":"2016-02-03T18:10:36","slug":"color-violeta-reinterpreta-lo-mejor-de-nuestra-artista-en-auditorio-antar","status":"publish","type":"post","link":"http:\/\/vientosur.top\/museo\/color-violeta-reinterpreta-lo-mejor-de-nuestra-artista-en-auditorio-antar\/","title":{"rendered":"Color Violeta reinterpreta lo mejor de nuestra artista en auditorio Antar"},"content":{"rendered":"<p>Un espect\u00e1culo musical imperdible se presentar\u00e1 en el Museo Violeta Parra este viernes 5 y s\u00e1bado 6 de febrero. Se trata del grupo canadiense Color Violeta, que exhibir\u00e1 lo mejor de su m\u00fasica basada en la realizaci\u00f3n de arreglos de Violeta Parra, que describen tradiciones, paisajes y relaciones humanas de Latinoam\u00e9rica.<\/p>\n<p><!--more--><!--more--><\/p>\n<p>El conjunto est\u00e1 conformado por Daniel Emden en la direcci\u00f3n, arreglos, percusi\u00f3n, guitarra y piano; Pedro D\u00eda en la voz; Silly R\u00edos en el charango, sicus, quena y voz, Hugo Larenas en la guitarra; y S\u00e9bastien Pellerin en el contrabajo.<\/p>\n<p>En el espect\u00e1culo, ritmos como la cueca, la tonada, el festejo, el huayno y la chacarera se fusionan sutil e inteligentemente con el jazz, logrando una propuesta moderna, original y respetuosa de sus ra\u00edces. La cita es ambos d\u00edas en el auditorio Antar, a las 16:00 horas.<\/p>\n<p>Quienes quieran asistir a este recital de car\u00e1cter internacional deber\u00e1n retirar sus invitaciones en informaciones del Museo Violeta Parra, de 09:30 a 18:00 horas. Los cupos son limitados.<\/p>\n<p><strong>Viernes 5 y 6 de febrero<\/strong><\/p>\n<p><strong>16:00 horas<\/strong><\/p>\n<p><strong>Auditorio Antar<\/strong><\/p>\n<p><iframe src=\"https:\/\/www.youtube.com\/embed\/fh2us4_rkrc?rel=0&amp;showinfo=0\" width=\"560\" height=\"315\" frameborder=\"0\" allowfullscreen=\"allowfullscreen\"><\/iframe><\/p>\n","protected":false},"excerpt":{"rendered":"<p>Un espect\u00e1culo musical imperdible se presentar\u00e1 en el Museo Violeta Parra este viernes 5 y s\u00e1bado 6 de febrero. Se trata del grupo canadiense Color Violeta, que exhibir\u00e1 lo mejor de su m\u00fasica basada en la realizaci\u00f3n de arreglos de Violeta Parra, que describen tradiciones, paisajes y relaciones humanas de Latinoam\u00e9rica.<\/p>\n","protected":false},"author":5,"featured_media":709,"comment_status":"open","ping_status":"open","sticky":false,"template":"","format":"standard","meta":{"site-sidebar-layout":"default","site-content-layout":"","ast-site-content-layout":"default","site-content-style":"default","site-sidebar-style":"default","ast-global-header-display":"","ast-banner-title-visibility":"","ast-main-header-display":"","ast-hfb-above-header-display":"","ast-hfb-below-header-display":"","ast-hfb-mobile-header-display":"","site-post-title":"","ast-breadcrumbs-content":"","ast-featured-img":"","footer-sml-layout":"","theme-transparent-header-meta":"","adv-header-id-meta":"","stick-header-meta":"","header-above-stick-meta":"","header-main-stick-meta":"","header-below-stick-meta":"","astra-migrate-meta-layouts":"default","ast-page-background-enabled":"default","ast-page-background-meta":{"desktop":{"background-color":"var(--ast-global-color-4)","background-image":"","background-repeat":"repeat","background-position":"center center","background-size":"auto","background-attachment":"scroll","background-type":"","background-media":"","overlay-type":"","overlay-color":"","overlay-opacity":"","overlay-gradient":""},"tablet":{"background-color":"","background-image":"","background-repeat":"repeat","background-position":"center center","background-size":"auto","background-attachment":"scroll","background-type":"","background-media":"","overlay-type":"","overlay-color":"","overlay-opacity":"","overlay-gradient":""},"mobile":{"background-color":"","background-image":"","background-repeat":"repeat","background-position":"center center","background-size":"auto","background-attachment":"scroll","background-type":"","background-media":"","overlay-type":"","overlay-color":"","overlay-opacity":"","overlay-gradient":""}},"ast-content-background-meta":{"desktop":{"background-color":"var(--ast-global-color-5)","background-image":"","background-repeat":"repeat","background-position":"center center","background-size":"auto","background-attachment":"scroll","background-type":"","background-media":"","overlay-type":"","overlay-color":"","overlay-opacity":"","overlay-gradient":""},"tablet":{"background-color":"var(--ast-global-color-5)","background-image":"","background-repeat":"repeat","background-position":"center center","background-size":"auto","background-attachment":"scroll","background-type":"","background-media":"","overlay-type":"","overlay-color":"","overlay-opacity":"","overlay-gradient":""},"mobile":{"background-color":"var(--ast-global-color-5)","background-image":"","background-repeat":"repeat","background-position":"center center","background-size":"auto","background-attachment":"scroll","background-type":"","background-media":"","overlay-type":"","overlay-color":"","overlay-opacity":"","overlay-gradient":""}},"footnotes":""},"categories":[8,61],"tags":[66,68,67],"class_list":["post-793","post","type-post","status-publish","format-standard","has-post-thumbnail","hentry","category-noticias","category-novedades","tag-auditorio-antar","tag-conciertos","tag-musica"],"yoast_head":"<!-- This site is optimized with the Yoast SEO plugin v25.4 - https:\/\/yoast.com\/wordpress\/plugins\/seo\/ -->\n<title>Color Violeta reinterpreta lo mejor de nuestra artista en auditorio Antar - Museo Violeta Parra<\/title>\n<meta name=\"robots\" content=\"index, follow, max-snippet:-1, max-image-preview:large, max-video-preview:-1\" \/>\n<link rel=\"canonical\" href=\"http:\/\/vientosur.top\/museo\/color-violeta-reinterpreta-lo-mejor-de-nuestra-artista-en-auditorio-antar\/\" \/>\n<meta property=\"og:locale\" content=\"es_ES\" \/>\n<meta property=\"og:type\" content=\"article\" \/>\n<meta property=\"og:title\" content=\"Color Violeta reinterpreta lo mejor de nuestra artista en auditorio Antar - Museo Violeta Parra\" \/>\n<meta property=\"og:description\" content=\"Un espect\u00e1culo musical imperdible se presentar\u00e1 en el Museo Violeta Parra este viernes 5 y s\u00e1bado 6 de febrero. Se trata del grupo canadiense Color Violeta, que exhibir\u00e1 lo mejor de su m\u00fasica basada en la realizaci\u00f3n de arreglos de Violeta Parra, que describen tradiciones, paisajes y relaciones humanas de Latinoam\u00e9rica.\" \/>\n<meta property=\"og:url\" content=\"http:\/\/vientosur.top\/museo\/color-violeta-reinterpreta-lo-mejor-de-nuestra-artista-en-auditorio-antar\/\" \/>\n<meta property=\"og:site_name\" content=\"Museo Violeta Parra\" \/>\n<meta property=\"article:published_time\" content=\"2016-02-03T18:10:36+00:00\" \/>\n<meta name=\"author\" content=\"admin\" \/>\n<meta name=\"twitter:card\" content=\"summary_large_image\" \/>\n<meta name=\"twitter:label1\" content=\"Escrito por\" \/>\n\t<meta name=\"twitter:data1\" content=\"admin\" \/>\n\t<meta name=\"twitter:label2\" content=\"Tiempo de lectura\" \/>\n\t<meta name=\"twitter:data2\" content=\"1 minuto\" \/>\n<script type=\"application\/ld+json\" class=\"yoast-schema-graph\">{\"@context\":\"https:\/\/schema.org\",\"@graph\":[{\"@type\":\"WebPage\",\"@id\":\"http:\/\/vientosur.top\/museo\/color-violeta-reinterpreta-lo-mejor-de-nuestra-artista-en-auditorio-antar\/\",\"url\":\"http:\/\/vientosur.top\/museo\/color-violeta-reinterpreta-lo-mejor-de-nuestra-artista-en-auditorio-antar\/\",\"name\":\"Color Violeta reinterpreta lo mejor de nuestra artista en auditorio Antar - Museo Violeta Parra\",\"isPartOf\":{\"@id\":\"http:\/\/vientosur.top\/museo\/#website\"},\"primaryImageOfPage\":{\"@id\":\"http:\/\/vientosur.top\/museo\/color-violeta-reinterpreta-lo-mejor-de-nuestra-artista-en-auditorio-antar\/#primaryimage\"},\"image\":{\"@id\":\"http:\/\/vientosur.top\/museo\/color-violeta-reinterpreta-lo-mejor-de-nuestra-artista-en-auditorio-antar\/#primaryimage\"},\"thumbnailUrl\":\"\",\"datePublished\":\"2016-02-03T18:10:36+00:00\",\"author\":{\"@id\":\"http:\/\/vientosur.top\/museo\/#\/schema\/person\/20c79d3c38800971feec8c2693c3dd9c\"},\"breadcrumb\":{\"@id\":\"http:\/\/vientosur.top\/museo\/color-violeta-reinterpreta-lo-mejor-de-nuestra-artista-en-auditorio-antar\/#breadcrumb\"},\"inLanguage\":\"es\",\"potentialAction\":[{\"@type\":\"ReadAction\",\"target\":[\"http:\/\/vientosur.top\/museo\/color-violeta-reinterpreta-lo-mejor-de-nuestra-artista-en-auditorio-antar\/\"]}]},{\"@type\":\"ImageObject\",\"inLanguage\":\"es\",\"@id\":\"http:\/\/vientosur.top\/museo\/color-violeta-reinterpreta-lo-mejor-de-nuestra-artista-en-auditorio-antar\/#primaryimage\",\"url\":\"\",\"contentUrl\":\"\"},{\"@type\":\"BreadcrumbList\",\"@id\":\"http:\/\/vientosur.top\/museo\/color-violeta-reinterpreta-lo-mejor-de-nuestra-artista-en-auditorio-antar\/#breadcrumb\",\"itemListElement\":[{\"@type\":\"ListItem\",\"position\":1,\"name\":\"Portada\",\"item\":\"http:\/\/vientosur.top\/museo\/\"},{\"@type\":\"ListItem\",\"position\":2,\"name\":\"Color Violeta reinterpreta lo mejor de nuestra artista en auditorio Antar\"}]},{\"@type\":\"WebSite\",\"@id\":\"http:\/\/vientosur.top\/museo\/#website\",\"url\":\"http:\/\/vientosur.top\/museo\/\",\"name\":\"Museo Violeta Parra\",\"description\":\"Espacio que alberga tanto la memoria y legado creativo de la artista\",\"potentialAction\":[{\"@type\":\"SearchAction\",\"target\":{\"@type\":\"EntryPoint\",\"urlTemplate\":\"http:\/\/vientosur.top\/museo\/?s={search_term_string}\"},\"query-input\":{\"@type\":\"PropertyValueSpecification\",\"valueRequired\":true,\"valueName\":\"search_term_string\"}}],\"inLanguage\":\"es\"},{\"@type\":\"Person\",\"@id\":\"http:\/\/vientosur.top\/museo\/#\/schema\/person\/20c79d3c38800971feec8c2693c3dd9c\",\"name\":\"admin\",\"image\":{\"@type\":\"ImageObject\",\"inLanguage\":\"es\",\"@id\":\"http:\/\/vientosur.top\/museo\/#\/schema\/person\/image\/\",\"url\":\"https:\/\/secure.gravatar.com\/avatar\/713677ece3ffa642287213a80e5b773bce9ab81c269dd6d95102a990951c922f?s=96&d=mm&r=g\",\"contentUrl\":\"https:\/\/secure.gravatar.com\/avatar\/713677ece3ffa642287213a80e5b773bce9ab81c269dd6d95102a990951c922f?s=96&d=mm&r=g\",\"caption\":\"admin\"},\"sameAs\":[\"http:\/\/vientosur.top\/museo\"],\"url\":\"http:\/\/vientosur.top\/museo\/author\/comunicacionesmvp\/\"}]}<\/script>\n<!-- \/ Yoast SEO plugin. -->","yoast_head_json":{"title":"Color Violeta reinterpreta lo mejor de nuestra artista en auditorio Antar - Museo Violeta Parra","robots":{"index":"index","follow":"follow","max-snippet":"max-snippet:-1","max-image-preview":"max-image-preview:large","max-video-preview":"max-video-preview:-1"},"canonical":"http:\/\/vientosur.top\/museo\/color-violeta-reinterpreta-lo-mejor-de-nuestra-artista-en-auditorio-antar\/","og_locale":"es_ES","og_type":"article","og_title":"Color Violeta reinterpreta lo mejor de nuestra artista en auditorio Antar - Museo Violeta Parra","og_description":"Un espect\u00e1culo musical imperdible se presentar\u00e1 en el Museo Violeta Parra este viernes 5 y s\u00e1bado 6 de febrero. Se trata del grupo canadiense Color Violeta, que exhibir\u00e1 lo mejor de su m\u00fasica basada en la realizaci\u00f3n de arreglos de Violeta Parra, que describen tradiciones, paisajes y relaciones humanas de Latinoam\u00e9rica.","og_url":"http:\/\/vientosur.top\/museo\/color-violeta-reinterpreta-lo-mejor-de-nuestra-artista-en-auditorio-antar\/","og_site_name":"Museo Violeta Parra","article_published_time":"2016-02-03T18:10:36+00:00","author":"admin","twitter_card":"summary_large_image","twitter_misc":{"Escrito por":"admin","Tiempo de lectura":"1 minuto"},"schema":{"@context":"https:\/\/schema.org","@graph":[{"@type":"WebPage","@id":"http:\/\/vientosur.top\/museo\/color-violeta-reinterpreta-lo-mejor-de-nuestra-artista-en-auditorio-antar\/","url":"http:\/\/vientosur.top\/museo\/color-violeta-reinterpreta-lo-mejor-de-nuestra-artista-en-auditorio-antar\/","name":"Color Violeta reinterpreta lo mejor de nuestra artista en auditorio Antar - Museo Violeta Parra","isPartOf":{"@id":"http:\/\/vientosur.top\/museo\/#website"},"primaryImageOfPage":{"@id":"http:\/\/vientosur.top\/museo\/color-violeta-reinterpreta-lo-mejor-de-nuestra-artista-en-auditorio-antar\/#primaryimage"},"image":{"@id":"http:\/\/vientosur.top\/museo\/color-violeta-reinterpreta-lo-mejor-de-nuestra-artista-en-auditorio-antar\/#primaryimage"},"thumbnailUrl":"","datePublished":"2016-02-03T18:10:36+00:00","author":{"@id":"http:\/\/vientosur.top\/museo\/#\/schema\/person\/20c79d3c38800971feec8c2693c3dd9c"},"breadcrumb":{"@id":"http:\/\/vientosur.top\/museo\/color-violeta-reinterpreta-lo-mejor-de-nuestra-artista-en-auditorio-antar\/#breadcrumb"},"inLanguage":"es","potentialAction":[{"@type":"ReadAction","target":["http:\/\/vientosur.top\/museo\/color-violeta-reinterpreta-lo-mejor-de-nuestra-artista-en-auditorio-antar\/"]}]},{"@type":"ImageObject","inLanguage":"es","@id":"http:\/\/vientosur.top\/museo\/color-violeta-reinterpreta-lo-mejor-de-nuestra-artista-en-auditorio-antar\/#primaryimage","url":"","contentUrl":""},{"@type":"BreadcrumbList","@id":"http:\/\/vientosur.top\/museo\/color-violeta-reinterpreta-lo-mejor-de-nuestra-artista-en-auditorio-antar\/#breadcrumb","itemListElement":[{"@type":"ListItem","position":1,"name":"Portada","item":"http:\/\/vientosur.top\/museo\/"},{"@type":"ListItem","position":2,"name":"Color Violeta reinterpreta lo mejor de nuestra artista en auditorio Antar"}]},{"@type":"WebSite","@id":"http:\/\/vientosur.top\/museo\/#website","url":"http:\/\/vientosur.top\/museo\/","name":"Museo Violeta Parra","description":"Espacio que alberga tanto la memoria y legado creativo de la artista","potentialAction":[{"@type":"SearchAction","target":{"@type":"EntryPoint","urlTemplate":"http:\/\/vientosur.top\/museo\/?s={search_term_string}"},"query-input":{"@type":"PropertyValueSpecification","valueRequired":true,"valueName":"search_term_string"}}],"inLanguage":"es"},{"@type":"Person","@id":"http:\/\/vientosur.top\/museo\/#\/schema\/person\/20c79d3c38800971feec8c2693c3dd9c","name":"admin","image":{"@type":"ImageObject","inLanguage":"es","@id":"http:\/\/vientosur.top\/museo\/#\/schema\/person\/image\/","url":"https:\/\/secure.gravatar.com\/avatar\/713677ece3ffa642287213a80e5b773bce9ab81c269dd6d95102a990951c922f?s=96&d=mm&r=g","contentUrl":"https:\/\/secure.gravatar.com\/avatar\/713677ece3ffa642287213a80e5b773bce9ab81c269dd6d95102a990951c922f?s=96&d=mm&r=g","caption":"admin"},"sameAs":["http:\/\/vientosur.top\/museo"],"url":"http:\/\/vientosur.top\/museo\/author\/comunicacionesmvp\/"}]}},"_links":{"self":[{"href":"http:\/\/vientosur.top\/museo\/wp-json\/wp\/v2\/posts\/793","targetHints":{"allow":["GET"]}}],"collection":[{"href":"http:\/\/vientosur.top\/museo\/wp-json\/wp\/v2\/posts"}],"about":[{"href":"http:\/\/vientosur.top\/museo\/wp-json\/wp\/v2\/types\/post"}],"author":[{"embeddable":true,"href":"http:\/\/vientosur.top\/museo\/wp-json\/wp\/v2\/users\/5"}],"replies":[{"embeddable":true,"href":"http:\/\/vientosur.top\/museo\/wp-json\/wp\/v2\/comments?post=793"}],"version-history":[{"count":0,"href":"http:\/\/vientosur.top\/museo\/wp-json\/wp\/v2\/posts\/793\/revisions"}],"wp:featuredmedia":[{"embeddable":true,"href":"http:\/\/vientosur.top\/museo\/wp-json\/"}],"wp:attachment":[{"href":"http:\/\/vientosur.top\/museo\/wp-json\/wp\/v2\/media?parent=793"}],"wp:term":[{"taxonomy":"category","embeddable":true,"href":"http:\/\/vientosur.top\/museo\/wp-json\/wp\/v2\/categories?post=793"},{"taxonomy":"post_tag","embeddable":true,"href":"http:\/\/vientosur.top\/museo\/wp-json\/wp\/v2\/tags?post=793"}],"curies":[{"name":"wp","href":"https:\/\/api.w.org\/{rel}","templated":true}]}}