{"id":794,"date":"2016-02-10T13:18:01","date_gmt":"2016-02-10T13:18:01","guid":{"rendered":"http:\/\/vientosur.top\/museo\/\/?p=725"},"modified":"2016-02-10T13:18:01","modified_gmt":"2016-02-10T13:18:01","slug":"museo-violeta-parra-estrenara-documental-sobre-el-pasado-guerrillero-de-jose-pepe-mujica","status":"publish","type":"post","link":"http:\/\/vientosur.top\/museo\/museo-violeta-parra-estrenara-documental-sobre-el-pasado-guerrillero-de-jose-pepe-mujica\/","title":{"rendered":"Museo Violeta Parra estrenar\u00e1 documental sobre el pasado guerrillero de Jos\u00e9 \u201cPepe\u201d Mujica"},"content":{"rendered":"<ul>\n<li><strong><em>El filme repasar\u00e1 tres etapas de la vida del ex presidente uruguayo: su participaci\u00f3n en la guerrilla Tupamara, sus a\u00f1os encarcelado y su momento actual como figura pol\u00edtica de la rep\u00fablica oriental.<\/em><\/strong><\/li>\n<\/ul>\n<p><!--more--><\/p>\n<p>El Museo Violeta Parra estrenar\u00e1 el pr\u00f3ximo 25 de febrero el documental \u201cLa \u00daltima Canci\u00f3n de la Libertad\u201d, que cuenta la historia del ex presidente de Uruguay, Jos\u00e9 Mujica; de su mujer, Luc\u00eda Topolansky y de otros guerrilleros que lograron aferrarse a la vida luego que el fascismo se instalara en el pa\u00eds.<\/p>\n<p>En ese sentido, el filme \u2013de Mat\u00edas Adonis- repasa c\u00f3mo los miembros del derrotado movimiento guerrillero Tupamaro, que ten\u00eda a Mujica en sus filas, debieron replantearse el valor de su existencia tras verse sometidos a las peores condiciones de tortura y aislamiento.<\/p>\n<p>Esto, a trav\u00e9s de un repaso por tres etapas de sus vidas: la \u00e9poca en que participaron de la guerrilla Tupamara, sus a\u00f1os encarcelados como presos pol\u00edticos y el momento actual como principales figuras en el gobierno del Uruguay.<\/p>\n<p>Pero tambi\u00e9n pretende responder una interrogante. \u201cDurante su juventud, Mujica y Topolansky lucharon por instaurar un modelo de izquierda en el frente guerrillero Tupamaro, que inclu\u00eda en sus integrantes diversas ramificaciones del marxismo, como el anarquismo, el mao\u00edsmo y el socialismo. Ambos defend\u00edan la v\u00eda armada para conquistar sus objetivos. Sin embargo, en la actualidad la pareja aboga por el di\u00e1logo, la paz y la tolerancia en la forma de hacer pol\u00edtica\u201d, plantea Adonis, director del filme.<\/p>\n<p>\u201cEl documental evidenciar\u00e1 si la postura actual del ex mandatario y la primera dama, son concordantes con su verdadera ideolog\u00eda, o si simplemente es una estrategia pol\u00edtica para mantenerse en el poder. Es decir, si el enfoque que plantean sobre el valor de la vida es genuino, y ha ido madurando ver\u00eddicamente, o tan s\u00f3lo es una postura conciliadora, adaptada a la pol\u00edtica contempor\u00e1nea\u201d, agrega.<\/p>\n<p>\u201cEl reportaje tendr\u00e1 como fin poner en cuesti\u00f3n ciertas apreciaciones que se tienen sobre la pareja, las cuales a\u00fan no han sido tratadas desde otras \u00f3pticas, dilucidando una nueva s\u00edntesis entre su concepto de vida original, durante los a\u00f1os sesenta cuando militaban en el frente guerrillero, respecto a lo que piensan sobre el \u2018valor de la vida\u2019 en la actualidad en sus funciones de l\u00edderes\u00bb, cierra Adonis.<\/p>\n<p>El filme ser\u00e1 exhibido el jueves 25 de febrero en el auditorio Antar, a las 16:00 horas. La entrada es gratuita previo retiro de invitaciones en informaciones del Museo Violeta Parra (m\u00e1ximo dos por persona). Los cupos son limitados y se avisar\u00e1 a trav\u00e9s de nuestras plataformas el momento en que queden disponibles.<\/p>\n","protected":false},"excerpt":{"rendered":"<p>El filme repasar\u00e1 tres etapas de la vida del ex presidente uruguayo: su participaci\u00f3n en la guerrilla Tupamara, sus a\u00f1os encarcelado y su momento actual como figura pol\u00edtica de la rep\u00fablica oriental.<\/p>\n","protected":false},"author":5,"featured_media":726,"comment_status":"open","ping_status":"open","sticky":false,"template":"","format":"standard","meta":{"site-sidebar-layout":"default","site-content-layout":"","ast-site-content-layout":"default","site-content-style":"default","site-sidebar-style":"default","ast-global-header-display":"","ast-banner-title-visibility":"","ast-main-header-display":"","ast-hfb-above-header-display":"","ast-hfb-below-header-display":"","ast-hfb-mobile-header-display":"","site-post-title":"","ast-breadcrumbs-content":"","ast-featured-img":"","footer-sml-layout":"","theme-transparent-header-meta":"","adv-header-id-meta":"","stick-header-meta":"","header-above-stick-meta":"","header-main-stick-meta":"","header-below-stick-meta":"","astra-migrate-meta-layouts":"default","ast-page-background-enabled":"default","ast-page-background-meta":{"desktop":{"background-color":"var(--ast-global-color-4)","background-image":"","background-repeat":"repeat","background-position":"center center","background-size":"auto","background-attachment":"scroll","background-type":"","background-media":"","overlay-type":"","overlay-color":"","overlay-opacity":"","overlay-gradient":""},"tablet":{"background-color":"","background-image":"","background-repeat":"repeat","background-position":"center center","background-size":"auto","background-attachment":"scroll","background-type":"","background-media":"","overlay-type":"","overlay-color":"","overlay-opacity":"","overlay-gradient":""},"mobile":{"background-color":"","background-image":"","background-repeat":"repeat","background-position":"center center","background-size":"auto","background-attachment":"scroll","background-type":"","background-media":"","overlay-type":"","overlay-color":"","overlay-opacity":"","overlay-gradient":""}},"ast-content-background-meta":{"desktop":{"background-color":"var(--ast-global-color-5)","background-image":"","background-repeat":"repeat","background-position":"center center","background-size":"auto","background-attachment":"scroll","background-type":"","background-media":"","overlay-type":"","overlay-color":"","overlay-opacity":"","overlay-gradient":""},"tablet":{"background-color":"var(--ast-global-color-5)","background-image":"","background-repeat":"repeat","background-position":"center center","background-size":"auto","background-attachment":"scroll","background-type":"","background-media":"","overlay-type":"","overlay-color":"","overlay-opacity":"","overlay-gradient":""},"mobile":{"background-color":"var(--ast-global-color-5)","background-image":"","background-repeat":"repeat","background-position":"center center","background-size":"auto","background-attachment":"scroll","background-type":"","background-media":"","overlay-type":"","overlay-color":"","overlay-opacity":"","overlay-gradient":""}},"footnotes":""},"categories":[8,61],"tags":[66,69,70],"class_list":["post-794","post","type-post","status-publish","format-standard","has-post-thumbnail","hentry","category-noticias","category-novedades","tag-auditorio-antar","tag-documental","tag-jose-mujica"],"yoast_head":"<!-- This site is optimized with the Yoast SEO plugin v25.4 - https:\/\/yoast.com\/wordpress\/plugins\/seo\/ -->\n<title>Museo Violeta Parra estrenar\u00e1 documental sobre el pasado guerrillero de Jos\u00e9 \u201cPepe\u201d Mujica - Museo Violeta Parra<\/title>\n<meta name=\"robots\" content=\"index, follow, max-snippet:-1, max-image-preview:large, max-video-preview:-1\" \/>\n<link rel=\"canonical\" href=\"http:\/\/vientosur.top\/museo\/museo-violeta-parra-estrenara-documental-sobre-el-pasado-guerrillero-de-jose-pepe-mujica\/\" \/>\n<meta property=\"og:locale\" content=\"es_ES\" \/>\n<meta property=\"og:type\" content=\"article\" \/>\n<meta property=\"og:title\" content=\"Museo Violeta Parra estrenar\u00e1 documental sobre el pasado guerrillero de Jos\u00e9 \u201cPepe\u201d Mujica - Museo Violeta Parra\" \/>\n<meta property=\"og:description\" content=\"El filme repasar\u00e1 tres etapas de la vida del ex presidente uruguayo: su participaci\u00f3n en la guerrilla Tupamara, sus a\u00f1os encarcelado y su momento actual como figura pol\u00edtica de la rep\u00fablica oriental.\" \/>\n<meta property=\"og:url\" content=\"http:\/\/vientosur.top\/museo\/museo-violeta-parra-estrenara-documental-sobre-el-pasado-guerrillero-de-jose-pepe-mujica\/\" \/>\n<meta property=\"og:site_name\" content=\"Museo Violeta Parra\" \/>\n<meta property=\"article:published_time\" content=\"2016-02-10T13:18:01+00:00\" \/>\n<meta property=\"og:image\" content=\"http:\/\/vientosur.top\/museo\/wp-content\/uploads\/2016\/02\/Mujica-documental.jpg\" \/>\n\t<meta property=\"og:image:width\" content=\"1035\" \/>\n\t<meta property=\"og:image:height\" content=\"789\" \/>\n\t<meta property=\"og:image:type\" content=\"image\/jpeg\" \/>\n<meta name=\"author\" content=\"admin\" \/>\n<meta name=\"twitter:card\" content=\"summary_large_image\" \/>\n<meta name=\"twitter:label1\" content=\"Escrito por\" \/>\n\t<meta name=\"twitter:data1\" content=\"admin\" \/>\n\t<meta name=\"twitter:label2\" content=\"Tiempo de lectura\" \/>\n\t<meta name=\"twitter:data2\" content=\"2 minutos\" \/>\n<script type=\"application\/ld+json\" class=\"yoast-schema-graph\">{\"@context\":\"https:\/\/schema.org\",\"@graph\":[{\"@type\":\"WebPage\",\"@id\":\"http:\/\/vientosur.top\/museo\/museo-violeta-parra-estrenara-documental-sobre-el-pasado-guerrillero-de-jose-pepe-mujica\/\",\"url\":\"http:\/\/vientosur.top\/museo\/museo-violeta-parra-estrenara-documental-sobre-el-pasado-guerrillero-de-jose-pepe-mujica\/\",\"name\":\"Museo Violeta Parra estrenar\u00e1 documental sobre el pasado guerrillero de Jos\u00e9 \u201cPepe\u201d Mujica - Museo Violeta Parra\",\"isPartOf\":{\"@id\":\"http:\/\/vientosur.top\/museo\/#website\"},\"primaryImageOfPage\":{\"@id\":\"http:\/\/vientosur.top\/museo\/museo-violeta-parra-estrenara-documental-sobre-el-pasado-guerrillero-de-jose-pepe-mujica\/#primaryimage\"},\"image\":{\"@id\":\"http:\/\/vientosur.top\/museo\/museo-violeta-parra-estrenara-documental-sobre-el-pasado-guerrillero-de-jose-pepe-mujica\/#primaryimage\"},\"thumbnailUrl\":\"http:\/\/vientosur.top\/museo\/wp-content\/uploads\/2016\/02\/Mujica-documental.jpg\",\"datePublished\":\"2016-02-10T13:18:01+00:00\",\"author\":{\"@id\":\"http:\/\/vientosur.top\/museo\/#\/schema\/person\/20c79d3c38800971feec8c2693c3dd9c\"},\"breadcrumb\":{\"@id\":\"http:\/\/vientosur.top\/museo\/museo-violeta-parra-estrenara-documental-sobre-el-pasado-guerrillero-de-jose-pepe-mujica\/#breadcrumb\"},\"inLanguage\":\"es\",\"potentialAction\":[{\"@type\":\"ReadAction\",\"target\":[\"http:\/\/vientosur.top\/museo\/museo-violeta-parra-estrenara-documental-sobre-el-pasado-guerrillero-de-jose-pepe-mujica\/\"]}]},{\"@type\":\"ImageObject\",\"inLanguage\":\"es\",\"@id\":\"http:\/\/vientosur.top\/museo\/museo-violeta-parra-estrenara-documental-sobre-el-pasado-guerrillero-de-jose-pepe-mujica\/#primaryimage\",\"url\":\"http:\/\/vientosur.top\/museo\/wp-content\/uploads\/2016\/02\/Mujica-documental.jpg\",\"contentUrl\":\"http:\/\/vientosur.top\/museo\/wp-content\/uploads\/2016\/02\/Mujica-documental.jpg\",\"width\":1035,\"height\":789},{\"@type\":\"BreadcrumbList\",\"@id\":\"http:\/\/vientosur.top\/museo\/museo-violeta-parra-estrenara-documental-sobre-el-pasado-guerrillero-de-jose-pepe-mujica\/#breadcrumb\",\"itemListElement\":[{\"@type\":\"ListItem\",\"position\":1,\"name\":\"Portada\",\"item\":\"http:\/\/vientosur.top\/museo\/\"},{\"@type\":\"ListItem\",\"position\":2,\"name\":\"Museo Violeta Parra estrenar\u00e1 documental sobre el pasado guerrillero de Jos\u00e9 \u201cPepe\u201d Mujica\"}]},{\"@type\":\"WebSite\",\"@id\":\"http:\/\/vientosur.top\/museo\/#website\",\"url\":\"http:\/\/vientosur.top\/museo\/\",\"name\":\"Museo Violeta Parra\",\"description\":\"Espacio que alberga tanto la memoria y legado creativo de la artista\",\"potentialAction\":[{\"@type\":\"SearchAction\",\"target\":{\"@type\":\"EntryPoint\",\"urlTemplate\":\"http:\/\/vientosur.top\/museo\/?s={search_term_string}\"},\"query-input\":{\"@type\":\"PropertyValueSpecification\",\"valueRequired\":true,\"valueName\":\"search_term_string\"}}],\"inLanguage\":\"es\"},{\"@type\":\"Person\",\"@id\":\"http:\/\/vientosur.top\/museo\/#\/schema\/person\/20c79d3c38800971feec8c2693c3dd9c\",\"name\":\"admin\",\"image\":{\"@type\":\"ImageObject\",\"inLanguage\":\"es\",\"@id\":\"http:\/\/vientosur.top\/museo\/#\/schema\/person\/image\/\",\"url\":\"https:\/\/secure.gravatar.com\/avatar\/713677ece3ffa642287213a80e5b773bce9ab81c269dd6d95102a990951c922f?s=96&d=mm&r=g\",\"contentUrl\":\"https:\/\/secure.gravatar.com\/avatar\/713677ece3ffa642287213a80e5b773bce9ab81c269dd6d95102a990951c922f?s=96&d=mm&r=g\",\"caption\":\"admin\"},\"sameAs\":[\"http:\/\/vientosur.top\/museo\"],\"url\":\"http:\/\/vientosur.top\/museo\/author\/comunicacionesmvp\/\"}]}<\/script>\n<!-- \/ Yoast SEO plugin. -->","yoast_head_json":{"title":"Museo Violeta Parra estrenar\u00e1 documental sobre el pasado guerrillero de Jos\u00e9 \u201cPepe\u201d Mujica - Museo Violeta Parra","robots":{"index":"index","follow":"follow","max-snippet":"max-snippet:-1","max-image-preview":"max-image-preview:large","max-video-preview":"max-video-preview:-1"},"canonical":"http:\/\/vientosur.top\/museo\/museo-violeta-parra-estrenara-documental-sobre-el-pasado-guerrillero-de-jose-pepe-mujica\/","og_locale":"es_ES","og_type":"article","og_title":"Museo Violeta Parra estrenar\u00e1 documental sobre el pasado guerrillero de Jos\u00e9 \u201cPepe\u201d Mujica - Museo Violeta Parra","og_description":"El filme repasar\u00e1 tres etapas de la vida del ex presidente uruguayo: su participaci\u00f3n en la guerrilla Tupamara, sus a\u00f1os encarcelado y su momento actual como figura pol\u00edtica de la rep\u00fablica oriental.","og_url":"http:\/\/vientosur.top\/museo\/museo-violeta-parra-estrenara-documental-sobre-el-pasado-guerrillero-de-jose-pepe-mujica\/","og_site_name":"Museo Violeta Parra","article_published_time":"2016-02-10T13:18:01+00:00","og_image":[{"width":1035,"height":789,"url":"http:\/\/vientosur.top\/museo\/wp-content\/uploads\/2016\/02\/Mujica-documental.jpg","type":"image\/jpeg"}],"author":"admin","twitter_card":"summary_large_image","twitter_misc":{"Escrito por":"admin","Tiempo de lectura":"2 minutos"},"schema":{"@context":"https:\/\/schema.org","@graph":[{"@type":"WebPage","@id":"http:\/\/vientosur.top\/museo\/museo-violeta-parra-estrenara-documental-sobre-el-pasado-guerrillero-de-jose-pepe-mujica\/","url":"http:\/\/vientosur.top\/museo\/museo-violeta-parra-estrenara-documental-sobre-el-pasado-guerrillero-de-jose-pepe-mujica\/","name":"Museo Violeta Parra estrenar\u00e1 documental sobre el pasado guerrillero de Jos\u00e9 \u201cPepe\u201d Mujica - Museo Violeta Parra","isPartOf":{"@id":"http:\/\/vientosur.top\/museo\/#website"},"primaryImageOfPage":{"@id":"http:\/\/vientosur.top\/museo\/museo-violeta-parra-estrenara-documental-sobre-el-pasado-guerrillero-de-jose-pepe-mujica\/#primaryimage"},"image":{"@id":"http:\/\/vientosur.top\/museo\/museo-violeta-parra-estrenara-documental-sobre-el-pasado-guerrillero-de-jose-pepe-mujica\/#primaryimage"},"thumbnailUrl":"http:\/\/vientosur.top\/museo\/wp-content\/uploads\/2016\/02\/Mujica-documental.jpg","datePublished":"2016-02-10T13:18:01+00:00","author":{"@id":"http:\/\/vientosur.top\/museo\/#\/schema\/person\/20c79d3c38800971feec8c2693c3dd9c"},"breadcrumb":{"@id":"http:\/\/vientosur.top\/museo\/museo-violeta-parra-estrenara-documental-sobre-el-pasado-guerrillero-de-jose-pepe-mujica\/#breadcrumb"},"inLanguage":"es","potentialAction":[{"@type":"ReadAction","target":["http:\/\/vientosur.top\/museo\/museo-violeta-parra-estrenara-documental-sobre-el-pasado-guerrillero-de-jose-pepe-mujica\/"]}]},{"@type":"ImageObject","inLanguage":"es","@id":"http:\/\/vientosur.top\/museo\/museo-violeta-parra-estrenara-documental-sobre-el-pasado-guerrillero-de-jose-pepe-mujica\/#primaryimage","url":"http:\/\/vientosur.top\/museo\/wp-content\/uploads\/2016\/02\/Mujica-documental.jpg","contentUrl":"http:\/\/vientosur.top\/museo\/wp-content\/uploads\/2016\/02\/Mujica-documental.jpg","width":1035,"height":789},{"@type":"BreadcrumbList","@id":"http:\/\/vientosur.top\/museo\/museo-violeta-parra-estrenara-documental-sobre-el-pasado-guerrillero-de-jose-pepe-mujica\/#breadcrumb","itemListElement":[{"@type":"ListItem","position":1,"name":"Portada","item":"http:\/\/vientosur.top\/museo\/"},{"@type":"ListItem","position":2,"name":"Museo Violeta Parra estrenar\u00e1 documental sobre el pasado guerrillero de Jos\u00e9 \u201cPepe\u201d Mujica"}]},{"@type":"WebSite","@id":"http:\/\/vientosur.top\/museo\/#website","url":"http:\/\/vientosur.top\/museo\/","name":"Museo Violeta Parra","description":"Espacio que alberga tanto la memoria y legado creativo de la artista","potentialAction":[{"@type":"SearchAction","target":{"@type":"EntryPoint","urlTemplate":"http:\/\/vientosur.top\/museo\/?s={search_term_string}"},"query-input":{"@type":"PropertyValueSpecification","valueRequired":true,"valueName":"search_term_string"}}],"inLanguage":"es"},{"@type":"Person","@id":"http:\/\/vientosur.top\/museo\/#\/schema\/person\/20c79d3c38800971feec8c2693c3dd9c","name":"admin","image":{"@type":"ImageObject","inLanguage":"es","@id":"http:\/\/vientosur.top\/museo\/#\/schema\/person\/image\/","url":"https:\/\/secure.gravatar.com\/avatar\/713677ece3ffa642287213a80e5b773bce9ab81c269dd6d95102a990951c922f?s=96&d=mm&r=g","contentUrl":"https:\/\/secure.gravatar.com\/avatar\/713677ece3ffa642287213a80e5b773bce9ab81c269dd6d95102a990951c922f?s=96&d=mm&r=g","caption":"admin"},"sameAs":["http:\/\/vientosur.top\/museo"],"url":"http:\/\/vientosur.top\/museo\/author\/comunicacionesmvp\/"}]}},"_links":{"self":[{"href":"http:\/\/vientosur.top\/museo\/wp-json\/wp\/v2\/posts\/794","targetHints":{"allow":["GET"]}}],"collection":[{"href":"http:\/\/vientosur.top\/museo\/wp-json\/wp\/v2\/posts"}],"about":[{"href":"http:\/\/vientosur.top\/museo\/wp-json\/wp\/v2\/types\/post"}],"author":[{"embeddable":true,"href":"http:\/\/vientosur.top\/museo\/wp-json\/wp\/v2\/users\/5"}],"replies":[{"embeddable":true,"href":"http:\/\/vientosur.top\/museo\/wp-json\/wp\/v2\/comments?post=794"}],"version-history":[{"count":0,"href":"http:\/\/vientosur.top\/museo\/wp-json\/wp\/v2\/posts\/794\/revisions"}],"wp:featuredmedia":[{"embeddable":true,"href":"http:\/\/vientosur.top\/museo\/wp-json\/wp\/v2\/media\/726"}],"wp:attachment":[{"href":"http:\/\/vientosur.top\/museo\/wp-json\/wp\/v2\/media?parent=794"}],"wp:term":[{"taxonomy":"category","embeddable":true,"href":"http:\/\/vientosur.top\/museo\/wp-json\/wp\/v2\/categories?post=794"},{"taxonomy":"post_tag","embeddable":true,"href":"http:\/\/vientosur.top\/museo\/wp-json\/wp\/v2\/tags?post=794"}],"curies":[{"name":"wp","href":"https:\/\/api.w.org\/{rel}","templated":true}]}}