{"id":795,"date":"2016-02-24T15:27:21","date_gmt":"2016-02-24T15:27:21","guid":{"rendered":"http:\/\/vientosur.top\/museo\/\/?p=759"},"modified":"2016-02-24T15:27:21","modified_gmt":"2016-02-24T15:27:21","slug":"museo-violeta-parra-recibio-mas-de-17-mil-visitas-en-temporada-estival","status":"publish","type":"post","link":"http:\/\/vientosur.top\/museo\/museo-violeta-parra-recibio-mas-de-17-mil-visitas-en-temporada-estival\/","title":{"rendered":"Museo Violeta Parra recibi\u00f3 m\u00e1s de 17 mil visitas en temporada estival"},"content":{"rendered":"<ul>\n<li><strong><em>La cifra de visitantes representa un enorme logro para el Museo y su equipo considerando que en otros espacios culturales se produce una disminuci\u00f3n significativa durante el verano.<\/em><\/strong><\/li>\n<\/ul>\n<p><!--more--><\/p>\n<p>El Museo Violeta Parra contin\u00faa cosechando \u00e9xitos en cuanto a n\u00famero de visitantes. Durante la \u00e9poca estival, miles de personas han llegado al espacio dedicado a la multifac\u00e9tica artista para conocer su obra y participar de las distintas actividades de extensi\u00f3n.<\/p>\n<p>Es as\u00ed como m\u00e1s de 17 mil personas, entre ni\u00f1os j\u00f3venes y adultos, llegaron al museo los dos primeros meses de 2016. Visitas guiadas, talleres, juegos, conciertos y muestras audiovisuales fueron s\u00f3lo algunas de las actividades a las que tuvieron acceso.<\/p>\n<p>\u201cQueremos a gradecer a las m\u00e1s de 17 mil personas que durante estos meses de enero y febrero nos han visitado. As\u00ed \u00a0tambi\u00e9n, a todos quienes han demostrado gran entusiasmo en nuestros talleres gratuitos y presentaciones musicales de los fines de semana, entre otras actividades culturales\u201d, afirma el director ejecutivo del museo, Leonardo Mellado.<\/p>\n<p>\u201cEllo reafirma nuestra convicci\u00f3n de ser una alternativa cultural para quienes se quedan o visitan Santiago en la temporada estival, pero por sobre todo da cuenta de la alt\u00edsima valoraci\u00f3n que tienen las personas por nuestro Museo y del trabajo que estamos desarrollando\u201d, agrega.<\/p>\n<p>Las actividades en el Museo Violeta Parra continuar\u00e1n a lo largo de todo el a\u00f1o. De hecho, ya est\u00e1 confirmada la cartelera cultural y educativa de marzo.<\/p>\n<p><strong>MARZO EN EL MUSEO <\/strong><\/p>\n<p>Las actividades no cesan en el Museo Violeta Parra, partiendo por la conmemoraci\u00f3n del D\u00eda Internacional de la Mujer el martes 8. En dicha jornada se realizar\u00e1 el concierto \u201cCantos de mujer\u201d (16:00 horas), con la participaci\u00f3n de\u00a0Isabel Parra, Eli Morris, Magdalena Matthey y Fabiola Gonz\u00e1lez, la Chinganera. A las 12:00 horas tendr\u00e1 lugar en el auditorio Antar el conversatorio titulado \u201cla mujer chilena en el arte musical popular\u201d, que contar\u00e1 con la presencia de destacadas exponentes estudiosas de esta expresi\u00f3n art\u00edstica.<\/p>\n<p>Isabel Parra se presentar\u00e1 previamente en solitario en el auditorio Antar, con el recital \u201cCantar y contar\u201d, a realizarse el s\u00e1bado 5 y domingo 6 de dicho mes. Posteriormente, para el 12 y 13 est\u00e1 preparada la presentaci\u00f3n de Piny Levalle con \u201cKalimarimba ac\u00fastico\u201d.<\/p>\n<p>El 19 y 20 de marzo volver\u00e1 al auditorio Antar la destacada cantante y compositora chilena Francesca Ancarola con \u201cEspejo de los sue\u00f1os\u201d y finalmente, el 26 y 27, se presentar\u00e1 Tita Parra junto a Emilio Garc\u00eda.<\/p>\n<p>El Museo Violeta Parra invita a toda la comunidad a informarse de estas actividades a trav\u00e9s de su sitio web (<a href=\"http:\/\/vientosur.top\/museo\">www.museovioletaparra.cl<\/a>) y sus redes sociales, donde d\u00eda a d\u00eda se dan a conocer las diferentes instancias de participaci\u00f3n para el p\u00fablico.<\/p>\n<p><strong>\u00a0<\/strong><\/p>\n","protected":false},"excerpt":{"rendered":"<p>La cifra de visitantes representa un enorme logro para el Museo y su equipo considerando que en otros espacios culturales se produce una disminuci\u00f3n significativa durante el verano.<\/p>\n","protected":false},"author":5,"featured_media":766,"comment_status":"open","ping_status":"open","sticky":false,"template":"","format":"standard","meta":{"site-sidebar-layout":"default","site-content-layout":"","ast-site-content-layout":"default","site-content-style":"default","site-sidebar-style":"default","ast-global-header-display":"","ast-banner-title-visibility":"","ast-main-header-display":"","ast-hfb-above-header-display":"","ast-hfb-below-header-display":"","ast-hfb-mobile-header-display":"","site-post-title":"","ast-breadcrumbs-content":"","ast-featured-img":"","footer-sml-layout":"","theme-transparent-header-meta":"","adv-header-id-meta":"","stick-header-meta":"","header-above-stick-meta":"","header-main-stick-meta":"","header-below-stick-meta":"","astra-migrate-meta-layouts":"default","ast-page-background-enabled":"default","ast-page-background-meta":{"desktop":{"background-color":"var(--ast-global-color-4)","background-image":"","background-repeat":"repeat","background-position":"center center","background-size":"auto","background-attachment":"scroll","background-type":"","background-media":"","overlay-type":"","overlay-color":"","overlay-opacity":"","overlay-gradient":""},"tablet":{"background-color":"","background-image":"","background-repeat":"repeat","background-position":"center center","background-size":"auto","background-attachment":"scroll","background-type":"","background-media":"","overlay-type":"","overlay-color":"","overlay-opacity":"","overlay-gradient":""},"mobile":{"background-color":"","background-image":"","background-repeat":"repeat","background-position":"center center","background-size":"auto","background-attachment":"scroll","background-type":"","background-media":"","overlay-type":"","overlay-color":"","overlay-opacity":"","overlay-gradient":""}},"ast-content-background-meta":{"desktop":{"background-color":"var(--ast-global-color-5)","background-image":"","background-repeat":"repeat","background-position":"center center","background-size":"auto","background-attachment":"scroll","background-type":"","background-media":"","overlay-type":"","overlay-color":"","overlay-opacity":"","overlay-gradient":""},"tablet":{"background-color":"var(--ast-global-color-5)","background-image":"","background-repeat":"repeat","background-position":"center center","background-size":"auto","background-attachment":"scroll","background-type":"","background-media":"","overlay-type":"","overlay-color":"","overlay-opacity":"","overlay-gradient":""},"mobile":{"background-color":"var(--ast-global-color-5)","background-image":"","background-repeat":"repeat","background-position":"center center","background-size":"auto","background-attachment":"scroll","background-type":"","background-media":"","overlay-type":"","overlay-color":"","overlay-opacity":"","overlay-gradient":""}},"footnotes":""},"categories":[59,8],"tags":[],"class_list":["post-795","post","type-post","status-publish","format-standard","has-post-thumbnail","hentry","category-destacado-noticia","category-noticias"],"yoast_head":"<!-- This site is optimized with the Yoast SEO plugin v25.4 - https:\/\/yoast.com\/wordpress\/plugins\/seo\/ -->\n<title>Museo Violeta Parra recibi\u00f3 m\u00e1s de 17 mil visitas en temporada estival - Museo Violeta Parra<\/title>\n<meta name=\"robots\" content=\"index, follow, max-snippet:-1, max-image-preview:large, max-video-preview:-1\" \/>\n<link rel=\"canonical\" href=\"http:\/\/vientosur.top\/museo\/museo-violeta-parra-recibio-mas-de-17-mil-visitas-en-temporada-estival\/\" \/>\n<meta property=\"og:locale\" content=\"es_ES\" \/>\n<meta property=\"og:type\" content=\"article\" \/>\n<meta property=\"og:title\" content=\"Museo Violeta Parra recibi\u00f3 m\u00e1s de 17 mil visitas en temporada estival - Museo Violeta Parra\" \/>\n<meta property=\"og:description\" content=\"La cifra de visitantes representa un enorme logro para el Museo y su equipo considerando que en otros espacios culturales se produce una disminuci\u00f3n significativa durante el verano.\" \/>\n<meta property=\"og:url\" content=\"http:\/\/vientosur.top\/museo\/museo-violeta-parra-recibio-mas-de-17-mil-visitas-en-temporada-estival\/\" \/>\n<meta property=\"og:site_name\" content=\"Museo Violeta Parra\" \/>\n<meta property=\"article:published_time\" content=\"2016-02-24T15:27:21+00:00\" \/>\n<meta name=\"author\" content=\"admin\" \/>\n<meta name=\"twitter:card\" content=\"summary_large_image\" \/>\n<meta name=\"twitter:label1\" content=\"Escrito por\" \/>\n\t<meta name=\"twitter:data1\" content=\"admin\" \/>\n\t<meta name=\"twitter:label2\" content=\"Tiempo de lectura\" \/>\n\t<meta name=\"twitter:data2\" content=\"2 minutos\" \/>\n<script type=\"application\/ld+json\" class=\"yoast-schema-graph\">{\"@context\":\"https:\/\/schema.org\",\"@graph\":[{\"@type\":\"WebPage\",\"@id\":\"http:\/\/vientosur.top\/museo\/museo-violeta-parra-recibio-mas-de-17-mil-visitas-en-temporada-estival\/\",\"url\":\"http:\/\/vientosur.top\/museo\/museo-violeta-parra-recibio-mas-de-17-mil-visitas-en-temporada-estival\/\",\"name\":\"Museo Violeta Parra recibi\u00f3 m\u00e1s de 17 mil visitas en temporada estival - Museo Violeta Parra\",\"isPartOf\":{\"@id\":\"http:\/\/vientosur.top\/museo\/#website\"},\"primaryImageOfPage\":{\"@id\":\"http:\/\/vientosur.top\/museo\/museo-violeta-parra-recibio-mas-de-17-mil-visitas-en-temporada-estival\/#primaryimage\"},\"image\":{\"@id\":\"http:\/\/vientosur.top\/museo\/museo-violeta-parra-recibio-mas-de-17-mil-visitas-en-temporada-estival\/#primaryimage\"},\"thumbnailUrl\":\"\",\"datePublished\":\"2016-02-24T15:27:21+00:00\",\"author\":{\"@id\":\"http:\/\/vientosur.top\/museo\/#\/schema\/person\/20c79d3c38800971feec8c2693c3dd9c\"},\"breadcrumb\":{\"@id\":\"http:\/\/vientosur.top\/museo\/museo-violeta-parra-recibio-mas-de-17-mil-visitas-en-temporada-estival\/#breadcrumb\"},\"inLanguage\":\"es\",\"potentialAction\":[{\"@type\":\"ReadAction\",\"target\":[\"http:\/\/vientosur.top\/museo\/museo-violeta-parra-recibio-mas-de-17-mil-visitas-en-temporada-estival\/\"]}]},{\"@type\":\"ImageObject\",\"inLanguage\":\"es\",\"@id\":\"http:\/\/vientosur.top\/museo\/museo-violeta-parra-recibio-mas-de-17-mil-visitas-en-temporada-estival\/#primaryimage\",\"url\":\"\",\"contentUrl\":\"\"},{\"@type\":\"BreadcrumbList\",\"@id\":\"http:\/\/vientosur.top\/museo\/museo-violeta-parra-recibio-mas-de-17-mil-visitas-en-temporada-estival\/#breadcrumb\",\"itemListElement\":[{\"@type\":\"ListItem\",\"position\":1,\"name\":\"Portada\",\"item\":\"http:\/\/vientosur.top\/museo\/\"},{\"@type\":\"ListItem\",\"position\":2,\"name\":\"Museo Violeta Parra recibi\u00f3 m\u00e1s de 17 mil visitas en temporada estival\"}]},{\"@type\":\"WebSite\",\"@id\":\"http:\/\/vientosur.top\/museo\/#website\",\"url\":\"http:\/\/vientosur.top\/museo\/\",\"name\":\"Museo Violeta Parra\",\"description\":\"Espacio que alberga tanto la memoria y legado creativo de la artista\",\"potentialAction\":[{\"@type\":\"SearchAction\",\"target\":{\"@type\":\"EntryPoint\",\"urlTemplate\":\"http:\/\/vientosur.top\/museo\/?s={search_term_string}\"},\"query-input\":{\"@type\":\"PropertyValueSpecification\",\"valueRequired\":true,\"valueName\":\"search_term_string\"}}],\"inLanguage\":\"es\"},{\"@type\":\"Person\",\"@id\":\"http:\/\/vientosur.top\/museo\/#\/schema\/person\/20c79d3c38800971feec8c2693c3dd9c\",\"name\":\"admin\",\"image\":{\"@type\":\"ImageObject\",\"inLanguage\":\"es\",\"@id\":\"http:\/\/vientosur.top\/museo\/#\/schema\/person\/image\/\",\"url\":\"https:\/\/secure.gravatar.com\/avatar\/713677ece3ffa642287213a80e5b773bce9ab81c269dd6d95102a990951c922f?s=96&d=mm&r=g\",\"contentUrl\":\"https:\/\/secure.gravatar.com\/avatar\/713677ece3ffa642287213a80e5b773bce9ab81c269dd6d95102a990951c922f?s=96&d=mm&r=g\",\"caption\":\"admin\"},\"sameAs\":[\"http:\/\/vientosur.top\/museo\"],\"url\":\"http:\/\/vientosur.top\/museo\/author\/comunicacionesmvp\/\"}]}<\/script>\n<!-- \/ Yoast SEO plugin. -->","yoast_head_json":{"title":"Museo Violeta Parra recibi\u00f3 m\u00e1s de 17 mil visitas en temporada estival - Museo Violeta Parra","robots":{"index":"index","follow":"follow","max-snippet":"max-snippet:-1","max-image-preview":"max-image-preview:large","max-video-preview":"max-video-preview:-1"},"canonical":"http:\/\/vientosur.top\/museo\/museo-violeta-parra-recibio-mas-de-17-mil-visitas-en-temporada-estival\/","og_locale":"es_ES","og_type":"article","og_title":"Museo Violeta Parra recibi\u00f3 m\u00e1s de 17 mil visitas en temporada estival - Museo Violeta Parra","og_description":"La cifra de visitantes representa un enorme logro para el Museo y su equipo considerando que en otros espacios culturales se produce una disminuci\u00f3n significativa durante el verano.","og_url":"http:\/\/vientosur.top\/museo\/museo-violeta-parra-recibio-mas-de-17-mil-visitas-en-temporada-estival\/","og_site_name":"Museo Violeta Parra","article_published_time":"2016-02-24T15:27:21+00:00","author":"admin","twitter_card":"summary_large_image","twitter_misc":{"Escrito por":"admin","Tiempo de lectura":"2 minutos"},"schema":{"@context":"https:\/\/schema.org","@graph":[{"@type":"WebPage","@id":"http:\/\/vientosur.top\/museo\/museo-violeta-parra-recibio-mas-de-17-mil-visitas-en-temporada-estival\/","url":"http:\/\/vientosur.top\/museo\/museo-violeta-parra-recibio-mas-de-17-mil-visitas-en-temporada-estival\/","name":"Museo Violeta Parra recibi\u00f3 m\u00e1s de 17 mil visitas en temporada estival - Museo Violeta Parra","isPartOf":{"@id":"http:\/\/vientosur.top\/museo\/#website"},"primaryImageOfPage":{"@id":"http:\/\/vientosur.top\/museo\/museo-violeta-parra-recibio-mas-de-17-mil-visitas-en-temporada-estival\/#primaryimage"},"image":{"@id":"http:\/\/vientosur.top\/museo\/museo-violeta-parra-recibio-mas-de-17-mil-visitas-en-temporada-estival\/#primaryimage"},"thumbnailUrl":"","datePublished":"2016-02-24T15:27:21+00:00","author":{"@id":"http:\/\/vientosur.top\/museo\/#\/schema\/person\/20c79d3c38800971feec8c2693c3dd9c"},"breadcrumb":{"@id":"http:\/\/vientosur.top\/museo\/museo-violeta-parra-recibio-mas-de-17-mil-visitas-en-temporada-estival\/#breadcrumb"},"inLanguage":"es","potentialAction":[{"@type":"ReadAction","target":["http:\/\/vientosur.top\/museo\/museo-violeta-parra-recibio-mas-de-17-mil-visitas-en-temporada-estival\/"]}]},{"@type":"ImageObject","inLanguage":"es","@id":"http:\/\/vientosur.top\/museo\/museo-violeta-parra-recibio-mas-de-17-mil-visitas-en-temporada-estival\/#primaryimage","url":"","contentUrl":""},{"@type":"BreadcrumbList","@id":"http:\/\/vientosur.top\/museo\/museo-violeta-parra-recibio-mas-de-17-mil-visitas-en-temporada-estival\/#breadcrumb","itemListElement":[{"@type":"ListItem","position":1,"name":"Portada","item":"http:\/\/vientosur.top\/museo\/"},{"@type":"ListItem","position":2,"name":"Museo Violeta Parra recibi\u00f3 m\u00e1s de 17 mil visitas en temporada estival"}]},{"@type":"WebSite","@id":"http:\/\/vientosur.top\/museo\/#website","url":"http:\/\/vientosur.top\/museo\/","name":"Museo Violeta Parra","description":"Espacio que alberga tanto la memoria y legado creativo de la artista","potentialAction":[{"@type":"SearchAction","target":{"@type":"EntryPoint","urlTemplate":"http:\/\/vientosur.top\/museo\/?s={search_term_string}"},"query-input":{"@type":"PropertyValueSpecification","valueRequired":true,"valueName":"search_term_string"}}],"inLanguage":"es"},{"@type":"Person","@id":"http:\/\/vientosur.top\/museo\/#\/schema\/person\/20c79d3c38800971feec8c2693c3dd9c","name":"admin","image":{"@type":"ImageObject","inLanguage":"es","@id":"http:\/\/vientosur.top\/museo\/#\/schema\/person\/image\/","url":"https:\/\/secure.gravatar.com\/avatar\/713677ece3ffa642287213a80e5b773bce9ab81c269dd6d95102a990951c922f?s=96&d=mm&r=g","contentUrl":"https:\/\/secure.gravatar.com\/avatar\/713677ece3ffa642287213a80e5b773bce9ab81c269dd6d95102a990951c922f?s=96&d=mm&r=g","caption":"admin"},"sameAs":["http:\/\/vientosur.top\/museo"],"url":"http:\/\/vientosur.top\/museo\/author\/comunicacionesmvp\/"}]}},"_links":{"self":[{"href":"http:\/\/vientosur.top\/museo\/wp-json\/wp\/v2\/posts\/795","targetHints":{"allow":["GET"]}}],"collection":[{"href":"http:\/\/vientosur.top\/museo\/wp-json\/wp\/v2\/posts"}],"about":[{"href":"http:\/\/vientosur.top\/museo\/wp-json\/wp\/v2\/types\/post"}],"author":[{"embeddable":true,"href":"http:\/\/vientosur.top\/museo\/wp-json\/wp\/v2\/users\/5"}],"replies":[{"embeddable":true,"href":"http:\/\/vientosur.top\/museo\/wp-json\/wp\/v2\/comments?post=795"}],"version-history":[{"count":0,"href":"http:\/\/vientosur.top\/museo\/wp-json\/wp\/v2\/posts\/795\/revisions"}],"wp:featuredmedia":[{"embeddable":true,"href":"http:\/\/vientosur.top\/museo\/wp-json\/"}],"wp:attachment":[{"href":"http:\/\/vientosur.top\/museo\/wp-json\/wp\/v2\/media?parent=795"}],"wp:term":[{"taxonomy":"category","embeddable":true,"href":"http:\/\/vientosur.top\/museo\/wp-json\/wp\/v2\/categories?post=795"},{"taxonomy":"post_tag","embeddable":true,"href":"http:\/\/vientosur.top\/museo\/wp-json\/wp\/v2\/tags?post=795"}],"curies":[{"name":"wp","href":"https:\/\/api.w.org\/{rel}","templated":true}]}}