{"id":796,"date":"2016-03-02T21:10:31","date_gmt":"2016-03-02T21:10:31","guid":{"rendered":"http:\/\/vientosur.top\/museo\/\/?p=784"},"modified":"2016-03-02T21:10:31","modified_gmt":"2016-03-02T21:10:31","slug":"museo-violeta-parra-celebrara-la-semana-de-la-mujer-con-actividades-gratuitas","status":"publish","type":"post","link":"http:\/\/vientosur.top\/museo\/museo-violeta-parra-celebrara-la-semana-de-la-mujer-con-actividades-gratuitas\/","title":{"rendered":"Museo Violeta Parra celebrar\u00e1 la Semana de la Mujer con actividades gratuitas"},"content":{"rendered":"<p>Con teatro, recitales, conversatorio, documentales y presentaciones de libros el museo dar\u00e1 especial realce a la conmemoraci\u00f3n del D\u00eda Internacional de la Mujer, que mundialmente se recuerda cada 8 de marzo, instancia para enaltecer el enorme legado de esta multifac\u00e9tica artista chilena.<\/p>\n<p><!--more--><\/p>\n<p>Es en esa l\u00ednea que el Museo prepar\u00f3 una amplia cartelera de actividades gratuitas para recordar a Violeta y poner en valor su aporte y el de todas las mujeres de Chile y el mundo, las que est\u00e1n enmarcadas en la<strong> Semana de la Mujer<\/strong>, del 5 al 11 de marzo.<\/p>\n<p>El s\u00e1bado 5 y domingo 6 de marzo en el auditorio Antar del Museo Violeta Parra, Isabel Parra \u2013hija de la artista-, acompa\u00f1ada de su hija Tita, realizar\u00e1 el \u00edntimo recital <strong>\u201cCantar y contar\u201d,<\/strong> con espacio para historias y di\u00e1logo con el p\u00fablico asistente.<\/p>\n<p>Ese mismo fin de semana, al medio d\u00eda, se presentar\u00e1 por primera vez teatro en el museo, con la obra <strong>\u201cPetronila y su historia traspuesta\u201d, <\/strong>a cargo de la compa\u00f1\u00eda \u201cTeatro Mestizo\u201d. La obra realizada en verso, se basa en la leyenda chilena campesina \u201cLos palitos de la Virtud\u201d.<\/p>\n<p>Posteriormente, el martes 8 de marzo, la jornada comenzar\u00e1 a las 12:00 horas con el conversatorio titulado <strong>\u201cLa mujer chilena en el arte musical popular\u201d<\/strong>, en el auditorio Antar y que contar\u00e1 con la participaci\u00f3n de destacadas exponentes como la investigadora y directora del Archivo de Cultura Tradicional de Artistas del Acero, Patricia Chavarr\u00eda; la continuadora y estudiosa del trabajo de Margot Loyola, Anita Flores; la historiadora del folclore y m\u00fasica popular, Karen Donoso; y la ex directora del Archivo de Literatura Oral y Tradiciones Populares de la Biblioteca Nacional, Micaela Navarrete.<\/p>\n<p><strong><em>\u201cEl Museo Violeta Parra siente el deber de celebrar a las mujeres en su d\u00eda, pues es una de las pocas instituciones culturales de nuestro pa\u00eds dedicada a una mujer. Se trata de una artista excepcional quien sac\u00f3 la voz, la aguja, el pincel y el l\u00e1piz, para decir cantando, bordando, pintando y escribiendo, lo que su coraz\u00f3n de mujer le iba dictando\u201d,<\/em><\/strong> afirma el director ejecutivo del espacio, Leonardo Mellado.<\/p>\n<p><strong><em>\u201cDe esta forma y a trav\u00e9s de actividades que promueven el di\u00e1logo, la reflexi\u00f3n y el canto, conmemoraremos a todas las mujeres, a quienes invitamos especialmente para que nos visten ese d\u00eda<\/em><\/strong>\u201d, agrega.<\/p>\n<p>Durante la tarde, la m\u00fasica se tomar\u00e1 el Museo Violeta Parra. A las 16:00 horas se realizar\u00e1 el recital especial <strong>\u201cCantos de Mujer<\/strong>\u201d, presentado por Isabel Parra y que tendr\u00e1 en el escenario a Eli Morris, Magdalena Matthey y Fabiola Gonz\u00e1lez, la Chinganera, quienes ser\u00e1n precedidas por la cantautora chilena residente en Par\u00eds, Mariela Gonz\u00e1lez.<\/p>\n<p><strong><em>\u201cConmemoraremos este 8 de marzo con un recital en honor a la herencia de arte femenino dejado por Violeta Parra, que incluye la creaci\u00f3n musical, la tradici\u00f3n y la palabra\u201d,<\/em><\/strong> comenta Fabiola Gonz\u00e1lez, una de las protagonistas.<\/p>\n<p><strong><em>\u201cVamos a compartir en torno a la mujer chilena. Ser\u00e1 un concierto con una exquisita intimidad. Esperamos que ese m\u00e1gico momento sea no s\u00f3lo una celebraci\u00f3n sino adem\u00e1s un momento on\u00edrico de encuentro entre nosotras, mujeres chilenas\u201d,<\/em><\/strong> agrega la cantautora oriunda del Biob\u00edo.<\/p>\n<p>Adem\u00e1s, durante toda la semana habr\u00e1 visitas guiadas de la exposici\u00f3n permanente con enfoque de g\u00e9nero<\/p>\n<p>Finalmente, el 11 de marzo a las 11:30 horas, se lanzar\u00e1 el libro <strong>\u201c10 a\u00f1os de Discursos y Transcursos del Estar de las Mujeres<\/strong>\u201d, de Victoria Hurtado Pinochet y Mariela Infante Erazo, que recopila los resultados de las encuestas sobre percepciones de las mujeres chilenas sobre su situaci\u00f3n y condiciones de vida. El texto ser\u00e1 comentado por la directora del Instituto Nacional de Derechos Humanos, Lorena Fr\u00edes, y el acad\u00e9mico de la Universidad Diego Portales, Claudio Fuentes.<\/p>\n<p>Sin duda, excelentes opciones para celebrar a las mujeres en su d\u00eda y poner en valor el enorme aporte que hacen cada d\u00eda, mientras se recuerda a Violeta Parra, una de las artistas chilenas m\u00e1s importantes de la historia.<\/p>\n<p><strong>Revisa la programaci\u00f3n:<\/strong><\/p>\n<p><a href=\"http:\/\/vientosur.top\/museo\/\/wp-content\/uploads\/2016\/03\/MVP_Semana_Mujer_Programa_Final1-1.jpg\" rel=\"attachment wp-att-801\"><img fetchpriority=\"high\" decoding=\"async\" class=\"alignnone size-medium wp-image-801\" src=\"http:\/\/vientosur.top\/museo\/\/wp-content\/uploads\/2016\/03\/MVP_Semana_Mujer_Programa_Final1-1-300x300.jpg\" alt=\"MVP_Semana_Mujer_Programa_Final1\" width=\"300\" height=\"300\" \/><\/a><\/p>\n","protected":false},"excerpt":{"rendered":"<p>Con teatro, recitales, conversatorio, documentales y presentaciones de libros el museo dar\u00e1 especial realce a la conmemoraci\u00f3n del D\u00eda Internacional de la Mujer, que mundialmente se recuerda cada 8 de marzo, instancia para enaltecer el enorme legado de esta multifac\u00e9tica artista chilena.<\/p>\n","protected":false},"author":5,"featured_media":786,"comment_status":"open","ping_status":"open","sticky":false,"template":"","format":"standard","meta":{"site-sidebar-layout":"default","site-content-layout":"","ast-site-content-layout":"default","site-content-style":"default","site-sidebar-style":"default","ast-global-header-display":"","ast-banner-title-visibility":"","ast-main-header-display":"","ast-hfb-above-header-display":"","ast-hfb-below-header-display":"","ast-hfb-mobile-header-display":"","site-post-title":"","ast-breadcrumbs-content":"","ast-featured-img":"","footer-sml-layout":"","theme-transparent-header-meta":"","adv-header-id-meta":"","stick-header-meta":"","header-above-stick-meta":"","header-main-stick-meta":"","header-below-stick-meta":"","astra-migrate-meta-layouts":"default","ast-page-background-enabled":"default","ast-page-background-meta":{"desktop":{"background-color":"var(--ast-global-color-4)","background-image":"","background-repeat":"repeat","background-position":"center center","background-size":"auto","background-attachment":"scroll","background-type":"","background-media":"","overlay-type":"","overlay-color":"","overlay-opacity":"","overlay-gradient":""},"tablet":{"background-color":"","background-image":"","background-repeat":"repeat","background-position":"center center","background-size":"auto","background-attachment":"scroll","background-type":"","background-media":"","overlay-type":"","overlay-color":"","overlay-opacity":"","overlay-gradient":""},"mobile":{"background-color":"","background-image":"","background-repeat":"repeat","background-position":"center center","background-size":"auto","background-attachment":"scroll","background-type":"","background-media":"","overlay-type":"","overlay-color":"","overlay-opacity":"","overlay-gradient":""}},"ast-content-background-meta":{"desktop":{"background-color":"var(--ast-global-color-5)","background-image":"","background-repeat":"repeat","background-position":"center center","background-size":"auto","background-attachment":"scroll","background-type":"","background-media":"","overlay-type":"","overlay-color":"","overlay-opacity":"","overlay-gradient":""},"tablet":{"background-color":"var(--ast-global-color-5)","background-image":"","background-repeat":"repeat","background-position":"center center","background-size":"auto","background-attachment":"scroll","background-type":"","background-media":"","overlay-type":"","overlay-color":"","overlay-opacity":"","overlay-gradient":""},"mobile":{"background-color":"var(--ast-global-color-5)","background-image":"","background-repeat":"repeat","background-position":"center center","background-size":"auto","background-attachment":"scroll","background-type":"","background-media":"","overlay-type":"","overlay-color":"","overlay-opacity":"","overlay-gradient":""}},"footnotes":""},"categories":[8,61],"tags":[71,72,73,43,74],"class_list":["post-796","post","type-post","status-publish","format-standard","has-post-thumbnail","hentry","category-noticias","category-novedades","tag-dia-internacional-de-la-mujer","tag-eli-morris","tag-fabiola-gonzalez","tag-isabel-parra","tag-magdalena-matthey"],"yoast_head":"<!-- This site is optimized with the Yoast SEO plugin v25.4 - https:\/\/yoast.com\/wordpress\/plugins\/seo\/ -->\n<title>Museo Violeta Parra celebrar\u00e1 la Semana de la Mujer con actividades gratuitas - Museo Violeta Parra<\/title>\n<meta name=\"robots\" content=\"index, follow, max-snippet:-1, max-image-preview:large, max-video-preview:-1\" \/>\n<link rel=\"canonical\" href=\"http:\/\/vientosur.top\/museo\/museo-violeta-parra-celebrara-la-semana-de-la-mujer-con-actividades-gratuitas\/\" \/>\n<meta property=\"og:locale\" content=\"es_ES\" \/>\n<meta property=\"og:type\" content=\"article\" \/>\n<meta property=\"og:title\" content=\"Museo Violeta Parra celebrar\u00e1 la Semana de la Mujer con actividades gratuitas - Museo Violeta Parra\" \/>\n<meta property=\"og:description\" content=\"Con teatro, recitales, conversatorio, documentales y presentaciones de libros el museo dar\u00e1 especial realce a la conmemoraci\u00f3n del D\u00eda Internacional de la Mujer, que mundialmente se recuerda cada 8 de marzo, instancia para enaltecer el enorme legado de esta multifac\u00e9tica artista chilena.\" \/>\n<meta property=\"og:url\" content=\"http:\/\/vientosur.top\/museo\/museo-violeta-parra-celebrara-la-semana-de-la-mujer-con-actividades-gratuitas\/\" \/>\n<meta property=\"og:site_name\" content=\"Museo Violeta Parra\" \/>\n<meta property=\"article:published_time\" content=\"2016-03-02T21:10:31+00:00\" \/>\n<meta name=\"author\" content=\"admin\" \/>\n<meta name=\"twitter:card\" content=\"summary_large_image\" \/>\n<meta name=\"twitter:label1\" content=\"Escrito por\" \/>\n\t<meta name=\"twitter:data1\" content=\"admin\" \/>\n\t<meta name=\"twitter:label2\" content=\"Tiempo de lectura\" \/>\n\t<meta name=\"twitter:data2\" content=\"3 minutos\" \/>\n<script type=\"application\/ld+json\" class=\"yoast-schema-graph\">{\"@context\":\"https:\/\/schema.org\",\"@graph\":[{\"@type\":\"WebPage\",\"@id\":\"http:\/\/vientosur.top\/museo\/museo-violeta-parra-celebrara-la-semana-de-la-mujer-con-actividades-gratuitas\/\",\"url\":\"http:\/\/vientosur.top\/museo\/museo-violeta-parra-celebrara-la-semana-de-la-mujer-con-actividades-gratuitas\/\",\"name\":\"Museo Violeta Parra celebrar\u00e1 la Semana de la Mujer con actividades gratuitas - Museo Violeta Parra\",\"isPartOf\":{\"@id\":\"http:\/\/vientosur.top\/museo\/#website\"},\"primaryImageOfPage\":{\"@id\":\"http:\/\/vientosur.top\/museo\/museo-violeta-parra-celebrara-la-semana-de-la-mujer-con-actividades-gratuitas\/#primaryimage\"},\"image\":{\"@id\":\"http:\/\/vientosur.top\/museo\/museo-violeta-parra-celebrara-la-semana-de-la-mujer-con-actividades-gratuitas\/#primaryimage\"},\"thumbnailUrl\":\"\",\"datePublished\":\"2016-03-02T21:10:31+00:00\",\"author\":{\"@id\":\"http:\/\/vientosur.top\/museo\/#\/schema\/person\/20c79d3c38800971feec8c2693c3dd9c\"},\"breadcrumb\":{\"@id\":\"http:\/\/vientosur.top\/museo\/museo-violeta-parra-celebrara-la-semana-de-la-mujer-con-actividades-gratuitas\/#breadcrumb\"},\"inLanguage\":\"es\",\"potentialAction\":[{\"@type\":\"ReadAction\",\"target\":[\"http:\/\/vientosur.top\/museo\/museo-violeta-parra-celebrara-la-semana-de-la-mujer-con-actividades-gratuitas\/\"]}]},{\"@type\":\"ImageObject\",\"inLanguage\":\"es\",\"@id\":\"http:\/\/vientosur.top\/museo\/museo-violeta-parra-celebrara-la-semana-de-la-mujer-con-actividades-gratuitas\/#primaryimage\",\"url\":\"\",\"contentUrl\":\"\"},{\"@type\":\"BreadcrumbList\",\"@id\":\"http:\/\/vientosur.top\/museo\/museo-violeta-parra-celebrara-la-semana-de-la-mujer-con-actividades-gratuitas\/#breadcrumb\",\"itemListElement\":[{\"@type\":\"ListItem\",\"position\":1,\"name\":\"Portada\",\"item\":\"http:\/\/vientosur.top\/museo\/\"},{\"@type\":\"ListItem\",\"position\":2,\"name\":\"Museo Violeta Parra celebrar\u00e1 la Semana de la Mujer con actividades gratuitas\"}]},{\"@type\":\"WebSite\",\"@id\":\"http:\/\/vientosur.top\/museo\/#website\",\"url\":\"http:\/\/vientosur.top\/museo\/\",\"name\":\"Museo Violeta Parra\",\"description\":\"Espacio que alberga tanto la memoria y legado creativo de la artista\",\"potentialAction\":[{\"@type\":\"SearchAction\",\"target\":{\"@type\":\"EntryPoint\",\"urlTemplate\":\"http:\/\/vientosur.top\/museo\/?s={search_term_string}\"},\"query-input\":{\"@type\":\"PropertyValueSpecification\",\"valueRequired\":true,\"valueName\":\"search_term_string\"}}],\"inLanguage\":\"es\"},{\"@type\":\"Person\",\"@id\":\"http:\/\/vientosur.top\/museo\/#\/schema\/person\/20c79d3c38800971feec8c2693c3dd9c\",\"name\":\"admin\",\"image\":{\"@type\":\"ImageObject\",\"inLanguage\":\"es\",\"@id\":\"http:\/\/vientosur.top\/museo\/#\/schema\/person\/image\/\",\"url\":\"https:\/\/secure.gravatar.com\/avatar\/713677ece3ffa642287213a80e5b773bce9ab81c269dd6d95102a990951c922f?s=96&d=mm&r=g\",\"contentUrl\":\"https:\/\/secure.gravatar.com\/avatar\/713677ece3ffa642287213a80e5b773bce9ab81c269dd6d95102a990951c922f?s=96&d=mm&r=g\",\"caption\":\"admin\"},\"sameAs\":[\"http:\/\/vientosur.top\/museo\"],\"url\":\"http:\/\/vientosur.top\/museo\/author\/comunicacionesmvp\/\"}]}<\/script>\n<!-- \/ Yoast SEO plugin. -->","yoast_head_json":{"title":"Museo Violeta Parra celebrar\u00e1 la Semana de la Mujer con actividades gratuitas - Museo Violeta Parra","robots":{"index":"index","follow":"follow","max-snippet":"max-snippet:-1","max-image-preview":"max-image-preview:large","max-video-preview":"max-video-preview:-1"},"canonical":"http:\/\/vientosur.top\/museo\/museo-violeta-parra-celebrara-la-semana-de-la-mujer-con-actividades-gratuitas\/","og_locale":"es_ES","og_type":"article","og_title":"Museo Violeta Parra celebrar\u00e1 la Semana de la Mujer con actividades gratuitas - Museo Violeta Parra","og_description":"Con teatro, recitales, conversatorio, documentales y presentaciones de libros el museo dar\u00e1 especial realce a la conmemoraci\u00f3n del D\u00eda Internacional de la Mujer, que mundialmente se recuerda cada 8 de marzo, instancia para enaltecer el enorme legado de esta multifac\u00e9tica artista chilena.","og_url":"http:\/\/vientosur.top\/museo\/museo-violeta-parra-celebrara-la-semana-de-la-mujer-con-actividades-gratuitas\/","og_site_name":"Museo Violeta Parra","article_published_time":"2016-03-02T21:10:31+00:00","author":"admin","twitter_card":"summary_large_image","twitter_misc":{"Escrito por":"admin","Tiempo de lectura":"3 minutos"},"schema":{"@context":"https:\/\/schema.org","@graph":[{"@type":"WebPage","@id":"http:\/\/vientosur.top\/museo\/museo-violeta-parra-celebrara-la-semana-de-la-mujer-con-actividades-gratuitas\/","url":"http:\/\/vientosur.top\/museo\/museo-violeta-parra-celebrara-la-semana-de-la-mujer-con-actividades-gratuitas\/","name":"Museo Violeta Parra celebrar\u00e1 la Semana de la Mujer con actividades gratuitas - Museo Violeta Parra","isPartOf":{"@id":"http:\/\/vientosur.top\/museo\/#website"},"primaryImageOfPage":{"@id":"http:\/\/vientosur.top\/museo\/museo-violeta-parra-celebrara-la-semana-de-la-mujer-con-actividades-gratuitas\/#primaryimage"},"image":{"@id":"http:\/\/vientosur.top\/museo\/museo-violeta-parra-celebrara-la-semana-de-la-mujer-con-actividades-gratuitas\/#primaryimage"},"thumbnailUrl":"","datePublished":"2016-03-02T21:10:31+00:00","author":{"@id":"http:\/\/vientosur.top\/museo\/#\/schema\/person\/20c79d3c38800971feec8c2693c3dd9c"},"breadcrumb":{"@id":"http:\/\/vientosur.top\/museo\/museo-violeta-parra-celebrara-la-semana-de-la-mujer-con-actividades-gratuitas\/#breadcrumb"},"inLanguage":"es","potentialAction":[{"@type":"ReadAction","target":["http:\/\/vientosur.top\/museo\/museo-violeta-parra-celebrara-la-semana-de-la-mujer-con-actividades-gratuitas\/"]}]},{"@type":"ImageObject","inLanguage":"es","@id":"http:\/\/vientosur.top\/museo\/museo-violeta-parra-celebrara-la-semana-de-la-mujer-con-actividades-gratuitas\/#primaryimage","url":"","contentUrl":""},{"@type":"BreadcrumbList","@id":"http:\/\/vientosur.top\/museo\/museo-violeta-parra-celebrara-la-semana-de-la-mujer-con-actividades-gratuitas\/#breadcrumb","itemListElement":[{"@type":"ListItem","position":1,"name":"Portada","item":"http:\/\/vientosur.top\/museo\/"},{"@type":"ListItem","position":2,"name":"Museo Violeta Parra celebrar\u00e1 la Semana de la Mujer con actividades gratuitas"}]},{"@type":"WebSite","@id":"http:\/\/vientosur.top\/museo\/#website","url":"http:\/\/vientosur.top\/museo\/","name":"Museo Violeta Parra","description":"Espacio que alberga tanto la memoria y legado creativo de la artista","potentialAction":[{"@type":"SearchAction","target":{"@type":"EntryPoint","urlTemplate":"http:\/\/vientosur.top\/museo\/?s={search_term_string}"},"query-input":{"@type":"PropertyValueSpecification","valueRequired":true,"valueName":"search_term_string"}}],"inLanguage":"es"},{"@type":"Person","@id":"http:\/\/vientosur.top\/museo\/#\/schema\/person\/20c79d3c38800971feec8c2693c3dd9c","name":"admin","image":{"@type":"ImageObject","inLanguage":"es","@id":"http:\/\/vientosur.top\/museo\/#\/schema\/person\/image\/","url":"https:\/\/secure.gravatar.com\/avatar\/713677ece3ffa642287213a80e5b773bce9ab81c269dd6d95102a990951c922f?s=96&d=mm&r=g","contentUrl":"https:\/\/secure.gravatar.com\/avatar\/713677ece3ffa642287213a80e5b773bce9ab81c269dd6d95102a990951c922f?s=96&d=mm&r=g","caption":"admin"},"sameAs":["http:\/\/vientosur.top\/museo"],"url":"http:\/\/vientosur.top\/museo\/author\/comunicacionesmvp\/"}]}},"_links":{"self":[{"href":"http:\/\/vientosur.top\/museo\/wp-json\/wp\/v2\/posts\/796","targetHints":{"allow":["GET"]}}],"collection":[{"href":"http:\/\/vientosur.top\/museo\/wp-json\/wp\/v2\/posts"}],"about":[{"href":"http:\/\/vientosur.top\/museo\/wp-json\/wp\/v2\/types\/post"}],"author":[{"embeddable":true,"href":"http:\/\/vientosur.top\/museo\/wp-json\/wp\/v2\/users\/5"}],"replies":[{"embeddable":true,"href":"http:\/\/vientosur.top\/museo\/wp-json\/wp\/v2\/comments?post=796"}],"version-history":[{"count":0,"href":"http:\/\/vientosur.top\/museo\/wp-json\/wp\/v2\/posts\/796\/revisions"}],"wp:featuredmedia":[{"embeddable":true,"href":"http:\/\/vientosur.top\/museo\/wp-json\/wp\/v2\/posts\/786"}],"wp:attachment":[{"href":"http:\/\/vientosur.top\/museo\/wp-json\/wp\/v2\/media?parent=796"}],"wp:term":[{"taxonomy":"category","embeddable":true,"href":"http:\/\/vientosur.top\/museo\/wp-json\/wp\/v2\/categories?post=796"},{"taxonomy":"post_tag","embeddable":true,"href":"http:\/\/vientosur.top\/museo\/wp-json\/wp\/v2\/tags?post=796"}],"curies":[{"name":"wp","href":"https:\/\/api.w.org\/{rel}","templated":true}]}}