{"id":823,"date":"2016-03-07T19:04:55","date_gmt":"2016-03-07T19:04:55","guid":{"rendered":"http:\/\/vientosur.top\/museo\/\/?p=823"},"modified":"2016-03-07T19:04:55","modified_gmt":"2016-03-07T19:04:55","slug":"con-concierto-gratuito-museo-violeta-parra-conmemorara-el-dia-de-la-mujer","status":"publish","type":"post","link":"http:\/\/vientosur.top\/museo\/con-concierto-gratuito-museo-violeta-parra-conmemorara-el-dia-de-la-mujer\/","title":{"rendered":"Con concierto gratuito Museo Violeta Parra  conmemorar\u00e1 el D\u00eda de la Mujer"},"content":{"rendered":"<ul>\n<li><strong><em>\u201cEl 8 de marzo, fecha en que el Museo siente el deber de celebrar a las mujeres en su d\u00eda, pues es una de las pocas instituciones culturales de nuestro pa\u00eds dedicada a una mujer\u201d, explica su director ejecutivo, Leonardo Mellado.<\/em><\/strong><\/li>\n<\/ul>\n<p>Cuatro destacadas artistas realizar\u00e1n un recital llamado <strong>\u201cCantos de Mujer<\/strong>\u201d, que ser\u00e1 presentado por \u00a0<a href=\"http:\/\/www.isabelparra.cl\/\">Isabel Parra<\/a> y que tendr\u00e1 en el escenario a <a href=\"http:\/\/www.elizabethmorris.cl\/\">Eli Morris<\/a>, <a href=\"http:\/\/www.magdalenamatthey.cl\/\">Magdalena Matthey<\/a> y <a href=\"http:\/\/lachinganera.cl\/\">Fabiola Gonz\u00e1lez<\/a>, la Chinganera, quienes ser\u00e1n precedidas por la cantautora chilena residente en Par\u00eds, Mariela Gonz\u00e1lez. La cita es el martes 8 de marzo a las 16:00 horas y ser\u00e1 en el patio de acceso al museo.<\/p>\n<p><!--more--><\/p>\n<p>Este concierto es parte de una programaci\u00f3n especial que el museo program\u00f3, con una amplia cartelera de actividades gratuitas para recordar a Violeta y poner en valor su aporte y el de todas las mujeres de Chile y el mundo, las que est\u00e1n enmarcadas en la<strong> Semana de la Mujer<\/strong>, del 5 al 11 de marzo.<\/p>\n<p>La conmemoraci\u00f3n del D\u00eda Internacional de la Mujer, se iniciar\u00e1 el martes 8 a las 12:00 horas con el conversatorio titulado <strong>\u201cLa mujer chilena en el arte musical popular\u201d<\/strong>, en el auditorio Antar y que contar\u00e1 con la participaci\u00f3n de destacadas exponentes como la investigadora y directora del Archivo de Cultura Tradicional de Artistas del Acero, <strong>Patricia Chavarr\u00eda;<\/strong> la continuadora y estudiosa del trabajo de Margot Loyola, <strong>Anita Flores<\/strong>; la historiadora del folclore y m\u00fasica popular, <strong>Karen Donoso<\/strong>; y la ex directora del Archivo de Literatura Oral y Tradiciones Populares de la Biblioteca Nacional, <strong>Micaela Navarrete.<\/strong><\/p>\n<p><strong><em>\u201cEl Museo Violeta Parra siente el deber de celebrar a las mujeres en su d\u00eda, pues es una de las pocas instituciones culturales de nuestro pa\u00eds dedicada a una mujer. Se trata de una artista excepcional quien sac\u00f3 la voz, la aguja, el pincel y el l\u00e1piz, para decir cantando, bordando, pintando y escribiendo, lo que su coraz\u00f3n de mujer le iba dictando. De esta forma y a trav\u00e9s de actividades que promueven el di\u00e1logo, la reflexi\u00f3n y el canto, conmemoraremos a todas las mujeres, a quienes invitamos especialmente para que nos visten ese d\u00eda<\/em><\/strong>\u201d, afirma el director ejecutivo del espacio, Leonardo Mellado.<\/p>\n<p>En tanto, una de las cantautoras Fabiola Gonz\u00e1lez expresa:<strong><em> \u201cConmemoraremos este 8 de marzo con un recital en honor a la herencia de arte femenino dejado por Violeta Parra, que incluye la creaci\u00f3n musical, la tradici\u00f3n y la palabra. Vamos a compartir en torno a la mujer chilena. Ser\u00e1 un concierto con una exquisita intimidad. Esperamos que ese m\u00e1gico momento sea no s\u00f3lo una celebraci\u00f3n sino adem\u00e1s un momento on\u00edrico de encuentro entre nosotras, mujeres chilenas\u201d.<\/em><\/strong><\/p>\n<p>Los d\u00edas 9 y 10 tambi\u00e9n se exhibir\u00e1 el documental<em> <strong>Bordadora Chilena,<\/strong> <\/em>realizado por la Televisi\u00f3n Suiza en 1965, uno de los pocos registros audiovisuales de entrevistas a Violeta Parra.<\/p>\n<p>Adem\u00e1s, habr\u00e1 <a href=\"http:\/\/vientosur.top\/museo\/\/educacion-y-visitas\/visitas-guiadas\/\">visitas guiadas <\/a>con enfoque de g\u00e9nero, y los visitantes que asistan al museo podr\u00e1n contestar la pregunta \u00bfC\u00f3mo ves a la mujer en la sociedad actual? en la pizarra para ello dispuesta, en la fachada del recinto.<\/p>\n<p>&nbsp;<\/p>\n","protected":false},"excerpt":{"rendered":"<p>\u201cEl 8 de marzo, fecha en que el Museo siente el deber de celebrar a las mujeres en su d\u00eda, pues es una de las pocas instituciones culturales de nuestro pa\u00eds dedicada a una mujer\u201d, explica su director ejecutivo, Leonardo Mellado. Cuatro destacadas artistas realizar\u00e1n un recital llamado \u201cCantos de Mujer\u201d, que ser\u00e1 presentado por [&hellip;]<\/p>\n","protected":false},"author":5,"featured_media":824,"comment_status":"open","ping_status":"open","sticky":false,"template":"","format":"standard","meta":{"site-sidebar-layout":"default","site-content-layout":"","ast-site-content-layout":"default","site-content-style":"default","site-sidebar-style":"default","ast-global-header-display":"","ast-banner-title-visibility":"","ast-main-header-display":"","ast-hfb-above-header-display":"","ast-hfb-below-header-display":"","ast-hfb-mobile-header-display":"","site-post-title":"","ast-breadcrumbs-content":"","ast-featured-img":"","footer-sml-layout":"","theme-transparent-header-meta":"","adv-header-id-meta":"","stick-header-meta":"","header-above-stick-meta":"","header-main-stick-meta":"","header-below-stick-meta":"","astra-migrate-meta-layouts":"default","ast-page-background-enabled":"default","ast-page-background-meta":{"desktop":{"background-color":"var(--ast-global-color-4)","background-image":"","background-repeat":"repeat","background-position":"center center","background-size":"auto","background-attachment":"scroll","background-type":"","background-media":"","overlay-type":"","overlay-color":"","overlay-opacity":"","overlay-gradient":""},"tablet":{"background-color":"","background-image":"","background-repeat":"repeat","background-position":"center center","background-size":"auto","background-attachment":"scroll","background-type":"","background-media":"","overlay-type":"","overlay-color":"","overlay-opacity":"","overlay-gradient":""},"mobile":{"background-color":"","background-image":"","background-repeat":"repeat","background-position":"center center","background-size":"auto","background-attachment":"scroll","background-type":"","background-media":"","overlay-type":"","overlay-color":"","overlay-opacity":"","overlay-gradient":""}},"ast-content-background-meta":{"desktop":{"background-color":"var(--ast-global-color-5)","background-image":"","background-repeat":"repeat","background-position":"center center","background-size":"auto","background-attachment":"scroll","background-type":"","background-media":"","overlay-type":"","overlay-color":"","overlay-opacity":"","overlay-gradient":""},"tablet":{"background-color":"var(--ast-global-color-5)","background-image":"","background-repeat":"repeat","background-position":"center center","background-size":"auto","background-attachment":"scroll","background-type":"","background-media":"","overlay-type":"","overlay-color":"","overlay-opacity":"","overlay-gradient":""},"mobile":{"background-color":"var(--ast-global-color-5)","background-image":"","background-repeat":"repeat","background-position":"center center","background-size":"auto","background-attachment":"scroll","background-type":"","background-media":"","overlay-type":"","overlay-color":"","overlay-opacity":"","overlay-gradient":""}},"footnotes":""},"categories":[59,8,1],"tags":[75],"class_list":["post-823","post","type-post","status-publish","format-standard","has-post-thumbnail","hentry","category-destacado-noticia","category-noticias","category-sin-categoria","tag-dia-de-la-mujer"],"yoast_head":"<!-- This site is optimized with the Yoast SEO plugin v25.4 - https:\/\/yoast.com\/wordpress\/plugins\/seo\/ -->\n<title>Con concierto gratuito Museo Violeta Parra conmemorar\u00e1 el D\u00eda de la Mujer - Museo Violeta Parra<\/title>\n<meta name=\"robots\" content=\"index, follow, max-snippet:-1, max-image-preview:large, max-video-preview:-1\" \/>\n<link rel=\"canonical\" href=\"http:\/\/vientosur.top\/museo\/con-concierto-gratuito-museo-violeta-parra-conmemorara-el-dia-de-la-mujer\/\" \/>\n<meta property=\"og:locale\" content=\"es_ES\" \/>\n<meta property=\"og:type\" content=\"article\" \/>\n<meta property=\"og:title\" content=\"Con concierto gratuito Museo Violeta Parra conmemorar\u00e1 el D\u00eda de la Mujer - Museo Violeta Parra\" \/>\n<meta property=\"og:description\" content=\"\u201cEl 8 de marzo, fecha en que el Museo siente el deber de celebrar a las mujeres en su d\u00eda, pues es una de las pocas instituciones culturales de nuestro pa\u00eds dedicada a una mujer\u201d, explica su director ejecutivo, Leonardo Mellado. Cuatro destacadas artistas realizar\u00e1n un recital llamado \u201cCantos de Mujer\u201d, que ser\u00e1 presentado por [&hellip;]\" \/>\n<meta property=\"og:url\" content=\"http:\/\/vientosur.top\/museo\/con-concierto-gratuito-museo-violeta-parra-conmemorara-el-dia-de-la-mujer\/\" \/>\n<meta property=\"og:site_name\" content=\"Museo Violeta Parra\" \/>\n<meta property=\"article:published_time\" content=\"2016-03-07T19:04:55+00:00\" \/>\n<meta name=\"author\" content=\"admin\" \/>\n<meta name=\"twitter:card\" content=\"summary_large_image\" \/>\n<meta name=\"twitter:label1\" content=\"Escrito por\" \/>\n\t<meta name=\"twitter:data1\" content=\"admin\" \/>\n\t<meta name=\"twitter:label2\" content=\"Tiempo de lectura\" \/>\n\t<meta name=\"twitter:data2\" content=\"3 minutos\" \/>\n<script type=\"application\/ld+json\" class=\"yoast-schema-graph\">{\"@context\":\"https:\/\/schema.org\",\"@graph\":[{\"@type\":\"WebPage\",\"@id\":\"http:\/\/vientosur.top\/museo\/con-concierto-gratuito-museo-violeta-parra-conmemorara-el-dia-de-la-mujer\/\",\"url\":\"http:\/\/vientosur.top\/museo\/con-concierto-gratuito-museo-violeta-parra-conmemorara-el-dia-de-la-mujer\/\",\"name\":\"Con concierto gratuito Museo Violeta Parra conmemorar\u00e1 el D\u00eda de la Mujer - Museo Violeta Parra\",\"isPartOf\":{\"@id\":\"http:\/\/vientosur.top\/museo\/#website\"},\"primaryImageOfPage\":{\"@id\":\"http:\/\/vientosur.top\/museo\/con-concierto-gratuito-museo-violeta-parra-conmemorara-el-dia-de-la-mujer\/#primaryimage\"},\"image\":{\"@id\":\"http:\/\/vientosur.top\/museo\/con-concierto-gratuito-museo-violeta-parra-conmemorara-el-dia-de-la-mujer\/#primaryimage\"},\"thumbnailUrl\":\"\",\"datePublished\":\"2016-03-07T19:04:55+00:00\",\"author\":{\"@id\":\"http:\/\/vientosur.top\/museo\/#\/schema\/person\/20c79d3c38800971feec8c2693c3dd9c\"},\"breadcrumb\":{\"@id\":\"http:\/\/vientosur.top\/museo\/con-concierto-gratuito-museo-violeta-parra-conmemorara-el-dia-de-la-mujer\/#breadcrumb\"},\"inLanguage\":\"es\",\"potentialAction\":[{\"@type\":\"ReadAction\",\"target\":[\"http:\/\/vientosur.top\/museo\/con-concierto-gratuito-museo-violeta-parra-conmemorara-el-dia-de-la-mujer\/\"]}]},{\"@type\":\"ImageObject\",\"inLanguage\":\"es\",\"@id\":\"http:\/\/vientosur.top\/museo\/con-concierto-gratuito-museo-violeta-parra-conmemorara-el-dia-de-la-mujer\/#primaryimage\",\"url\":\"\",\"contentUrl\":\"\"},{\"@type\":\"BreadcrumbList\",\"@id\":\"http:\/\/vientosur.top\/museo\/con-concierto-gratuito-museo-violeta-parra-conmemorara-el-dia-de-la-mujer\/#breadcrumb\",\"itemListElement\":[{\"@type\":\"ListItem\",\"position\":1,\"name\":\"Portada\",\"item\":\"http:\/\/vientosur.top\/museo\/\"},{\"@type\":\"ListItem\",\"position\":2,\"name\":\"Con concierto gratuito Museo Violeta Parra conmemorar\u00e1 el D\u00eda de la Mujer\"}]},{\"@type\":\"WebSite\",\"@id\":\"http:\/\/vientosur.top\/museo\/#website\",\"url\":\"http:\/\/vientosur.top\/museo\/\",\"name\":\"Museo Violeta Parra\",\"description\":\"Espacio que alberga tanto la memoria y legado creativo de la artista\",\"potentialAction\":[{\"@type\":\"SearchAction\",\"target\":{\"@type\":\"EntryPoint\",\"urlTemplate\":\"http:\/\/vientosur.top\/museo\/?s={search_term_string}\"},\"query-input\":{\"@type\":\"PropertyValueSpecification\",\"valueRequired\":true,\"valueName\":\"search_term_string\"}}],\"inLanguage\":\"es\"},{\"@type\":\"Person\",\"@id\":\"http:\/\/vientosur.top\/museo\/#\/schema\/person\/20c79d3c38800971feec8c2693c3dd9c\",\"name\":\"admin\",\"image\":{\"@type\":\"ImageObject\",\"inLanguage\":\"es\",\"@id\":\"http:\/\/vientosur.top\/museo\/#\/schema\/person\/image\/\",\"url\":\"https:\/\/secure.gravatar.com\/avatar\/713677ece3ffa642287213a80e5b773bce9ab81c269dd6d95102a990951c922f?s=96&d=mm&r=g\",\"contentUrl\":\"https:\/\/secure.gravatar.com\/avatar\/713677ece3ffa642287213a80e5b773bce9ab81c269dd6d95102a990951c922f?s=96&d=mm&r=g\",\"caption\":\"admin\"},\"sameAs\":[\"http:\/\/vientosur.top\/museo\"],\"url\":\"http:\/\/vientosur.top\/museo\/author\/comunicacionesmvp\/\"}]}<\/script>\n<!-- \/ Yoast SEO plugin. -->","yoast_head_json":{"title":"Con concierto gratuito Museo Violeta Parra conmemorar\u00e1 el D\u00eda de la Mujer - Museo Violeta Parra","robots":{"index":"index","follow":"follow","max-snippet":"max-snippet:-1","max-image-preview":"max-image-preview:large","max-video-preview":"max-video-preview:-1"},"canonical":"http:\/\/vientosur.top\/museo\/con-concierto-gratuito-museo-violeta-parra-conmemorara-el-dia-de-la-mujer\/","og_locale":"es_ES","og_type":"article","og_title":"Con concierto gratuito Museo Violeta Parra conmemorar\u00e1 el D\u00eda de la Mujer - Museo Violeta Parra","og_description":"\u201cEl 8 de marzo, fecha en que el Museo siente el deber de celebrar a las mujeres en su d\u00eda, pues es una de las pocas instituciones culturales de nuestro pa\u00eds dedicada a una mujer\u201d, explica su director ejecutivo, Leonardo Mellado. Cuatro destacadas artistas realizar\u00e1n un recital llamado \u201cCantos de Mujer\u201d, que ser\u00e1 presentado por [&hellip;]","og_url":"http:\/\/vientosur.top\/museo\/con-concierto-gratuito-museo-violeta-parra-conmemorara-el-dia-de-la-mujer\/","og_site_name":"Museo Violeta Parra","article_published_time":"2016-03-07T19:04:55+00:00","author":"admin","twitter_card":"summary_large_image","twitter_misc":{"Escrito por":"admin","Tiempo de lectura":"3 minutos"},"schema":{"@context":"https:\/\/schema.org","@graph":[{"@type":"WebPage","@id":"http:\/\/vientosur.top\/museo\/con-concierto-gratuito-museo-violeta-parra-conmemorara-el-dia-de-la-mujer\/","url":"http:\/\/vientosur.top\/museo\/con-concierto-gratuito-museo-violeta-parra-conmemorara-el-dia-de-la-mujer\/","name":"Con concierto gratuito Museo Violeta Parra conmemorar\u00e1 el D\u00eda de la Mujer - Museo Violeta Parra","isPartOf":{"@id":"http:\/\/vientosur.top\/museo\/#website"},"primaryImageOfPage":{"@id":"http:\/\/vientosur.top\/museo\/con-concierto-gratuito-museo-violeta-parra-conmemorara-el-dia-de-la-mujer\/#primaryimage"},"image":{"@id":"http:\/\/vientosur.top\/museo\/con-concierto-gratuito-museo-violeta-parra-conmemorara-el-dia-de-la-mujer\/#primaryimage"},"thumbnailUrl":"","datePublished":"2016-03-07T19:04:55+00:00","author":{"@id":"http:\/\/vientosur.top\/museo\/#\/schema\/person\/20c79d3c38800971feec8c2693c3dd9c"},"breadcrumb":{"@id":"http:\/\/vientosur.top\/museo\/con-concierto-gratuito-museo-violeta-parra-conmemorara-el-dia-de-la-mujer\/#breadcrumb"},"inLanguage":"es","potentialAction":[{"@type":"ReadAction","target":["http:\/\/vientosur.top\/museo\/con-concierto-gratuito-museo-violeta-parra-conmemorara-el-dia-de-la-mujer\/"]}]},{"@type":"ImageObject","inLanguage":"es","@id":"http:\/\/vientosur.top\/museo\/con-concierto-gratuito-museo-violeta-parra-conmemorara-el-dia-de-la-mujer\/#primaryimage","url":"","contentUrl":""},{"@type":"BreadcrumbList","@id":"http:\/\/vientosur.top\/museo\/con-concierto-gratuito-museo-violeta-parra-conmemorara-el-dia-de-la-mujer\/#breadcrumb","itemListElement":[{"@type":"ListItem","position":1,"name":"Portada","item":"http:\/\/vientosur.top\/museo\/"},{"@type":"ListItem","position":2,"name":"Con concierto gratuito Museo Violeta Parra conmemorar\u00e1 el D\u00eda de la Mujer"}]},{"@type":"WebSite","@id":"http:\/\/vientosur.top\/museo\/#website","url":"http:\/\/vientosur.top\/museo\/","name":"Museo Violeta Parra","description":"Espacio que alberga tanto la memoria y legado creativo de la artista","potentialAction":[{"@type":"SearchAction","target":{"@type":"EntryPoint","urlTemplate":"http:\/\/vientosur.top\/museo\/?s={search_term_string}"},"query-input":{"@type":"PropertyValueSpecification","valueRequired":true,"valueName":"search_term_string"}}],"inLanguage":"es"},{"@type":"Person","@id":"http:\/\/vientosur.top\/museo\/#\/schema\/person\/20c79d3c38800971feec8c2693c3dd9c","name":"admin","image":{"@type":"ImageObject","inLanguage":"es","@id":"http:\/\/vientosur.top\/museo\/#\/schema\/person\/image\/","url":"https:\/\/secure.gravatar.com\/avatar\/713677ece3ffa642287213a80e5b773bce9ab81c269dd6d95102a990951c922f?s=96&d=mm&r=g","contentUrl":"https:\/\/secure.gravatar.com\/avatar\/713677ece3ffa642287213a80e5b773bce9ab81c269dd6d95102a990951c922f?s=96&d=mm&r=g","caption":"admin"},"sameAs":["http:\/\/vientosur.top\/museo"],"url":"http:\/\/vientosur.top\/museo\/author\/comunicacionesmvp\/"}]}},"_links":{"self":[{"href":"http:\/\/vientosur.top\/museo\/wp-json\/wp\/v2\/posts\/823","targetHints":{"allow":["GET"]}}],"collection":[{"href":"http:\/\/vientosur.top\/museo\/wp-json\/wp\/v2\/posts"}],"about":[{"href":"http:\/\/vientosur.top\/museo\/wp-json\/wp\/v2\/types\/post"}],"author":[{"embeddable":true,"href":"http:\/\/vientosur.top\/museo\/wp-json\/wp\/v2\/users\/5"}],"replies":[{"embeddable":true,"href":"http:\/\/vientosur.top\/museo\/wp-json\/wp\/v2\/comments?post=823"}],"version-history":[{"count":0,"href":"http:\/\/vientosur.top\/museo\/wp-json\/wp\/v2\/posts\/823\/revisions"}],"wp:featuredmedia":[{"embeddable":true,"href":"http:\/\/vientosur.top\/museo\/wp-json\/"}],"wp:attachment":[{"href":"http:\/\/vientosur.top\/museo\/wp-json\/wp\/v2\/media?parent=823"}],"wp:term":[{"taxonomy":"category","embeddable":true,"href":"http:\/\/vientosur.top\/museo\/wp-json\/wp\/v2\/categories?post=823"},{"taxonomy":"post_tag","embeddable":true,"href":"http:\/\/vientosur.top\/museo\/wp-json\/wp\/v2\/tags?post=823"}],"curies":[{"name":"wp","href":"https:\/\/api.w.org\/{rel}","templated":true}]}}