{"id":829,"date":"2016-03-08T21:43:31","date_gmt":"2016-03-08T21:43:31","guid":{"rendered":"http:\/\/vientosur.top\/museo\/\/?p=829"},"modified":"2016-03-08T21:43:31","modified_gmt":"2016-03-08T21:43:31","slug":"museo-violeta-parra-seguira-siendo-gratuito","status":"publish","type":"post","link":"http:\/\/vientosur.top\/museo\/museo-violeta-parra-seguira-siendo-gratuito\/","title":{"rendered":"Museo Violeta Parra seguir\u00e1 siendo gratuito"},"content":{"rendered":"<p>\u201cNos llena de alegr\u00eda anunciar que el Museo Violeta Parra continuar\u00e1 abriendo sus puertas de manera gratuita y permanente a toda la comunidad, cumpliendo consecuentemente con algo que sin dudas la Violeta hubiera so\u00f1ado\u201d, fueron las palabras con las que el Ministro de Cultura, Ernesto Ottone, anunci\u00f3 este martes 08 de marzo la continuidad de la entrada gratuita al recinto ubicado en Vicu\u00f1a Mackenna 37 y que, desde su inauguraci\u00f3n en septiembre pasado, ha sido visitado por 61.640 personas.<\/p>\n<p>La noticia la entreg\u00f3 al comienzo de \u00a0\u201cCantos de mujer\u201d, concierto que forma parte de las actividades preparadas por el museo para conmemorar el D\u00eda Internacional de la Mujer, y donde las destacadas cantautoras nacionales Eli Morris, Magdalena Matthey y Fabiola Gonz\u00e1lez (la Chinganera) relevaron la herencia del arte femenino legado por Violeta Parra y rindieron homenaje a la historia y fortaleza de las mujeres trabajadoras. Las int\u00e9rpretes fueron precedidas por la cantautora chilena residente en Par\u00eds Mariela Gonz\u00e1lez, y presentadas por Isabel Parra.<\/p>\n<p style=\"text-align: center;\"><a href=\"http:\/\/vientosur.top\/museo\/\/wp-content\/uploads\/2016\/03\/SER_7727.jpg\" rel=\"attachment wp-att-853\"><img fetchpriority=\"high\" decoding=\"async\" class=\"alignnone size-medium wp-image-853\" src=\"http:\/\/vientosur.top\/museo\/\/wp-content\/uploads\/2016\/03\/SER_7727-300x200.jpg\" alt=\"SER_7727\" width=\"300\" height=\"200\" \/><\/a><\/p>\n<p>\u201cEs muy bonito ver hoy c\u00f3mo este espacio comienza a adquirir el rol no s\u00f3lo de poner en valor la figura de Violeta, sino tambi\u00e9n de reunir a aquellas mujeres que son las herederas de su legado y que traen en su cantar todas esas culturas y tradiciones que encarn\u00f3 su obra\u201d, fueron parte de las palabras que el Secretario de Estado dedic\u00f3 a la artista, a todas las cultoras del canto popular y a todas las mujeres del pa\u00eds, en un contexto que muchas veces les juega en contra.<\/p>\n<p>A su vez, el director ejecutivo del espacio, Leonardo Mellado, explic\u00f3 que \u00abla gratuidad se da luego de haber estado analizando al interior del directorio de la Fundaci\u00f3n Museo Violeta Parra el comportamiento del p\u00fablico en todo este tiempo que hemos estado abiertos, en que hemos tenido dispuesta\u00a0la entrada gratuita. Supusimos que la respuesta iba a ser favorable y ha sido as\u00ed y por lo mismo creemos que ampliando por m\u00e1s tiempo, si no hasta siempre, la entrada gratuita al museo, suponemos que esto nos va a significar un aumento en las visitas pero tambi\u00e9n una posibilidad de accesibilidad a todos los p\u00fablicos de todas las condiciones sociales\u00bb.<\/p>\n<p>Las actividades conmemorativas del museo continuar\u00e1n el pr\u00f3ximo viernes 11 con el lanzamiento del libro \u201c10 a\u00f1o de discursos y transcursos del estar de las mujeres\u201d, de Victoria Hurtado Pinochet y Mariela Infante Erazo, que recopila los resultados de las encuestas sobre percepciones de las mujeres chilenas sobre su situaci\u00f3n y condiciones de vida. El texto ser\u00e1 comentado por la directora del Instituto Nacional de Derechos Humanos, Lorena Fr\u00edes, y el acad\u00e9mico de la Universidad Diego Portales, Claudio Fuentes. Adem\u00e1s, durante toda la semana habr\u00e1 visitas guiadas por la exposici\u00f3n permanente con enfoque de g\u00e9nero.<\/p>\n<p>&nbsp;<\/p>\n<p>Foto: Natalia Espina y Colecci\u00f3n Museo Violeta Parra.<\/p>\n","protected":false},"excerpt":{"rendered":"<p>\u201cNos llena de alegr\u00eda anunciar que el Museo Violeta Parra continuar\u00e1 abriendo sus puertas de manera gratuita y permanente a toda la comunidad, cumpliendo consecuentemente con algo que sin dudas la Violeta hubiera so\u00f1ado\u201d, fueron las palabras con las que el Ministro de Cultura, Ernesto Ottone, anunci\u00f3 este martes 08 de marzo la continuidad de [&hellip;]<\/p>\n","protected":false},"author":5,"featured_media":850,"comment_status":"open","ping_status":"open","sticky":false,"template":"","format":"standard","meta":{"site-sidebar-layout":"default","site-content-layout":"","ast-site-content-layout":"default","site-content-style":"default","site-sidebar-style":"default","ast-global-header-display":"","ast-banner-title-visibility":"","ast-main-header-display":"","ast-hfb-above-header-display":"","ast-hfb-below-header-display":"","ast-hfb-mobile-header-display":"","site-post-title":"","ast-breadcrumbs-content":"","ast-featured-img":"","footer-sml-layout":"","theme-transparent-header-meta":"","adv-header-id-meta":"","stick-header-meta":"","header-above-stick-meta":"","header-main-stick-meta":"","header-below-stick-meta":"","astra-migrate-meta-layouts":"default","ast-page-background-enabled":"default","ast-page-background-meta":{"desktop":{"background-color":"var(--ast-global-color-4)","background-image":"","background-repeat":"repeat","background-position":"center center","background-size":"auto","background-attachment":"scroll","background-type":"","background-media":"","overlay-type":"","overlay-color":"","overlay-opacity":"","overlay-gradient":""},"tablet":{"background-color":"","background-image":"","background-repeat":"repeat","background-position":"center center","background-size":"auto","background-attachment":"scroll","background-type":"","background-media":"","overlay-type":"","overlay-color":"","overlay-opacity":"","overlay-gradient":""},"mobile":{"background-color":"","background-image":"","background-repeat":"repeat","background-position":"center center","background-size":"auto","background-attachment":"scroll","background-type":"","background-media":"","overlay-type":"","overlay-color":"","overlay-opacity":"","overlay-gradient":""}},"ast-content-background-meta":{"desktop":{"background-color":"var(--ast-global-color-5)","background-image":"","background-repeat":"repeat","background-position":"center center","background-size":"auto","background-attachment":"scroll","background-type":"","background-media":"","overlay-type":"","overlay-color":"","overlay-opacity":"","overlay-gradient":""},"tablet":{"background-color":"var(--ast-global-color-5)","background-image":"","background-repeat":"repeat","background-position":"center center","background-size":"auto","background-attachment":"scroll","background-type":"","background-media":"","overlay-type":"","overlay-color":"","overlay-opacity":"","overlay-gradient":""},"mobile":{"background-color":"var(--ast-global-color-5)","background-image":"","background-repeat":"repeat","background-position":"center center","background-size":"auto","background-attachment":"scroll","background-type":"","background-media":"","overlay-type":"","overlay-color":"","overlay-opacity":"","overlay-gradient":""}},"footnotes":""},"categories":[59,8,61],"tags":[],"class_list":["post-829","post","type-post","status-publish","format-standard","has-post-thumbnail","hentry","category-destacado-noticia","category-noticias","category-novedades"],"yoast_head":"<!-- This site is optimized with the Yoast SEO plugin v25.4 - https:\/\/yoast.com\/wordpress\/plugins\/seo\/ -->\n<title>Museo Violeta Parra seguir\u00e1 siendo gratuito - Museo Violeta Parra<\/title>\n<meta name=\"robots\" content=\"index, follow, max-snippet:-1, max-image-preview:large, max-video-preview:-1\" \/>\n<link rel=\"canonical\" href=\"http:\/\/vientosur.top\/museo\/museo-violeta-parra-seguira-siendo-gratuito\/\" \/>\n<meta property=\"og:locale\" content=\"es_ES\" \/>\n<meta property=\"og:type\" content=\"article\" \/>\n<meta property=\"og:title\" content=\"Museo Violeta Parra seguir\u00e1 siendo gratuito - Museo Violeta Parra\" \/>\n<meta property=\"og:description\" content=\"\u201cNos llena de alegr\u00eda anunciar que el Museo Violeta Parra continuar\u00e1 abriendo sus puertas de manera gratuita y permanente a toda la comunidad, cumpliendo consecuentemente con algo que sin dudas la Violeta hubiera so\u00f1ado\u201d, fueron las palabras con las que el Ministro de Cultura, Ernesto Ottone, anunci\u00f3 este martes 08 de marzo la continuidad de [&hellip;]\" \/>\n<meta property=\"og:url\" content=\"http:\/\/vientosur.top\/museo\/museo-violeta-parra-seguira-siendo-gratuito\/\" \/>\n<meta property=\"og:site_name\" content=\"Museo Violeta Parra\" \/>\n<meta property=\"article:published_time\" content=\"2016-03-08T21:43:31+00:00\" \/>\n<meta property=\"og:image\" content=\"http:\/\/vientosur.top\/museo\/wp-content\/uploads\/2016\/03\/24996735533_57c0003548_z.jpg\" \/>\n\t<meta property=\"og:image:width\" content=\"640\" \/>\n\t<meta property=\"og:image:height\" content=\"427\" \/>\n\t<meta property=\"og:image:type\" content=\"image\/jpeg\" \/>\n<meta name=\"author\" content=\"admin\" \/>\n<meta name=\"twitter:card\" content=\"summary_large_image\" \/>\n<meta name=\"twitter:label1\" content=\"Escrito por\" \/>\n\t<meta name=\"twitter:data1\" content=\"admin\" \/>\n\t<meta name=\"twitter:label2\" content=\"Tiempo de lectura\" \/>\n\t<meta name=\"twitter:data2\" content=\"2 minutos\" \/>\n<script type=\"application\/ld+json\" class=\"yoast-schema-graph\">{\"@context\":\"https:\/\/schema.org\",\"@graph\":[{\"@type\":\"WebPage\",\"@id\":\"http:\/\/vientosur.top\/museo\/museo-violeta-parra-seguira-siendo-gratuito\/\",\"url\":\"http:\/\/vientosur.top\/museo\/museo-violeta-parra-seguira-siendo-gratuito\/\",\"name\":\"Museo Violeta Parra seguir\u00e1 siendo gratuito - Museo Violeta Parra\",\"isPartOf\":{\"@id\":\"http:\/\/vientosur.top\/museo\/#website\"},\"primaryImageOfPage\":{\"@id\":\"http:\/\/vientosur.top\/museo\/museo-violeta-parra-seguira-siendo-gratuito\/#primaryimage\"},\"image\":{\"@id\":\"http:\/\/vientosur.top\/museo\/museo-violeta-parra-seguira-siendo-gratuito\/#primaryimage\"},\"thumbnailUrl\":\"http:\/\/vientosur.top\/museo\/wp-content\/uploads\/2016\/03\/24996735533_57c0003548_z.jpg\",\"datePublished\":\"2016-03-08T21:43:31+00:00\",\"author\":{\"@id\":\"http:\/\/vientosur.top\/museo\/#\/schema\/person\/20c79d3c38800971feec8c2693c3dd9c\"},\"breadcrumb\":{\"@id\":\"http:\/\/vientosur.top\/museo\/museo-violeta-parra-seguira-siendo-gratuito\/#breadcrumb\"},\"inLanguage\":\"es\",\"potentialAction\":[{\"@type\":\"ReadAction\",\"target\":[\"http:\/\/vientosur.top\/museo\/museo-violeta-parra-seguira-siendo-gratuito\/\"]}]},{\"@type\":\"ImageObject\",\"inLanguage\":\"es\",\"@id\":\"http:\/\/vientosur.top\/museo\/museo-violeta-parra-seguira-siendo-gratuito\/#primaryimage\",\"url\":\"http:\/\/vientosur.top\/museo\/wp-content\/uploads\/2016\/03\/24996735533_57c0003548_z.jpg\",\"contentUrl\":\"http:\/\/vientosur.top\/museo\/wp-content\/uploads\/2016\/03\/24996735533_57c0003548_z.jpg\",\"width\":640,\"height\":427},{\"@type\":\"BreadcrumbList\",\"@id\":\"http:\/\/vientosur.top\/museo\/museo-violeta-parra-seguira-siendo-gratuito\/#breadcrumb\",\"itemListElement\":[{\"@type\":\"ListItem\",\"position\":1,\"name\":\"Portada\",\"item\":\"http:\/\/vientosur.top\/museo\/\"},{\"@type\":\"ListItem\",\"position\":2,\"name\":\"Museo Violeta Parra seguir\u00e1 siendo gratuito\"}]},{\"@type\":\"WebSite\",\"@id\":\"http:\/\/vientosur.top\/museo\/#website\",\"url\":\"http:\/\/vientosur.top\/museo\/\",\"name\":\"Museo Violeta Parra\",\"description\":\"Espacio que alberga tanto la memoria y legado creativo de la artista\",\"potentialAction\":[{\"@type\":\"SearchAction\",\"target\":{\"@type\":\"EntryPoint\",\"urlTemplate\":\"http:\/\/vientosur.top\/museo\/?s={search_term_string}\"},\"query-input\":{\"@type\":\"PropertyValueSpecification\",\"valueRequired\":true,\"valueName\":\"search_term_string\"}}],\"inLanguage\":\"es\"},{\"@type\":\"Person\",\"@id\":\"http:\/\/vientosur.top\/museo\/#\/schema\/person\/20c79d3c38800971feec8c2693c3dd9c\",\"name\":\"admin\",\"image\":{\"@type\":\"ImageObject\",\"inLanguage\":\"es\",\"@id\":\"http:\/\/vientosur.top\/museo\/#\/schema\/person\/image\/\",\"url\":\"https:\/\/secure.gravatar.com\/avatar\/713677ece3ffa642287213a80e5b773bce9ab81c269dd6d95102a990951c922f?s=96&d=mm&r=g\",\"contentUrl\":\"https:\/\/secure.gravatar.com\/avatar\/713677ece3ffa642287213a80e5b773bce9ab81c269dd6d95102a990951c922f?s=96&d=mm&r=g\",\"caption\":\"admin\"},\"sameAs\":[\"http:\/\/vientosur.top\/museo\"],\"url\":\"http:\/\/vientosur.top\/museo\/author\/comunicacionesmvp\/\"}]}<\/script>\n<!-- \/ Yoast SEO plugin. -->","yoast_head_json":{"title":"Museo Violeta Parra seguir\u00e1 siendo gratuito - Museo Violeta Parra","robots":{"index":"index","follow":"follow","max-snippet":"max-snippet:-1","max-image-preview":"max-image-preview:large","max-video-preview":"max-video-preview:-1"},"canonical":"http:\/\/vientosur.top\/museo\/museo-violeta-parra-seguira-siendo-gratuito\/","og_locale":"es_ES","og_type":"article","og_title":"Museo Violeta Parra seguir\u00e1 siendo gratuito - Museo Violeta Parra","og_description":"\u201cNos llena de alegr\u00eda anunciar que el Museo Violeta Parra continuar\u00e1 abriendo sus puertas de manera gratuita y permanente a toda la comunidad, cumpliendo consecuentemente con algo que sin dudas la Violeta hubiera so\u00f1ado\u201d, fueron las palabras con las que el Ministro de Cultura, Ernesto Ottone, anunci\u00f3 este martes 08 de marzo la continuidad de [&hellip;]","og_url":"http:\/\/vientosur.top\/museo\/museo-violeta-parra-seguira-siendo-gratuito\/","og_site_name":"Museo Violeta Parra","article_published_time":"2016-03-08T21:43:31+00:00","og_image":[{"width":640,"height":427,"url":"http:\/\/vientosur.top\/museo\/wp-content\/uploads\/2016\/03\/24996735533_57c0003548_z.jpg","type":"image\/jpeg"}],"author":"admin","twitter_card":"summary_large_image","twitter_misc":{"Escrito por":"admin","Tiempo de lectura":"2 minutos"},"schema":{"@context":"https:\/\/schema.org","@graph":[{"@type":"WebPage","@id":"http:\/\/vientosur.top\/museo\/museo-violeta-parra-seguira-siendo-gratuito\/","url":"http:\/\/vientosur.top\/museo\/museo-violeta-parra-seguira-siendo-gratuito\/","name":"Museo Violeta Parra seguir\u00e1 siendo gratuito - Museo Violeta Parra","isPartOf":{"@id":"http:\/\/vientosur.top\/museo\/#website"},"primaryImageOfPage":{"@id":"http:\/\/vientosur.top\/museo\/museo-violeta-parra-seguira-siendo-gratuito\/#primaryimage"},"image":{"@id":"http:\/\/vientosur.top\/museo\/museo-violeta-parra-seguira-siendo-gratuito\/#primaryimage"},"thumbnailUrl":"http:\/\/vientosur.top\/museo\/wp-content\/uploads\/2016\/03\/24996735533_57c0003548_z.jpg","datePublished":"2016-03-08T21:43:31+00:00","author":{"@id":"http:\/\/vientosur.top\/museo\/#\/schema\/person\/20c79d3c38800971feec8c2693c3dd9c"},"breadcrumb":{"@id":"http:\/\/vientosur.top\/museo\/museo-violeta-parra-seguira-siendo-gratuito\/#breadcrumb"},"inLanguage":"es","potentialAction":[{"@type":"ReadAction","target":["http:\/\/vientosur.top\/museo\/museo-violeta-parra-seguira-siendo-gratuito\/"]}]},{"@type":"ImageObject","inLanguage":"es","@id":"http:\/\/vientosur.top\/museo\/museo-violeta-parra-seguira-siendo-gratuito\/#primaryimage","url":"http:\/\/vientosur.top\/museo\/wp-content\/uploads\/2016\/03\/24996735533_57c0003548_z.jpg","contentUrl":"http:\/\/vientosur.top\/museo\/wp-content\/uploads\/2016\/03\/24996735533_57c0003548_z.jpg","width":640,"height":427},{"@type":"BreadcrumbList","@id":"http:\/\/vientosur.top\/museo\/museo-violeta-parra-seguira-siendo-gratuito\/#breadcrumb","itemListElement":[{"@type":"ListItem","position":1,"name":"Portada","item":"http:\/\/vientosur.top\/museo\/"},{"@type":"ListItem","position":2,"name":"Museo Violeta Parra seguir\u00e1 siendo gratuito"}]},{"@type":"WebSite","@id":"http:\/\/vientosur.top\/museo\/#website","url":"http:\/\/vientosur.top\/museo\/","name":"Museo Violeta Parra","description":"Espacio que alberga tanto la memoria y legado creativo de la artista","potentialAction":[{"@type":"SearchAction","target":{"@type":"EntryPoint","urlTemplate":"http:\/\/vientosur.top\/museo\/?s={search_term_string}"},"query-input":{"@type":"PropertyValueSpecification","valueRequired":true,"valueName":"search_term_string"}}],"inLanguage":"es"},{"@type":"Person","@id":"http:\/\/vientosur.top\/museo\/#\/schema\/person\/20c79d3c38800971feec8c2693c3dd9c","name":"admin","image":{"@type":"ImageObject","inLanguage":"es","@id":"http:\/\/vientosur.top\/museo\/#\/schema\/person\/image\/","url":"https:\/\/secure.gravatar.com\/avatar\/713677ece3ffa642287213a80e5b773bce9ab81c269dd6d95102a990951c922f?s=96&d=mm&r=g","contentUrl":"https:\/\/secure.gravatar.com\/avatar\/713677ece3ffa642287213a80e5b773bce9ab81c269dd6d95102a990951c922f?s=96&d=mm&r=g","caption":"admin"},"sameAs":["http:\/\/vientosur.top\/museo"],"url":"http:\/\/vientosur.top\/museo\/author\/comunicacionesmvp\/"}]}},"_links":{"self":[{"href":"http:\/\/vientosur.top\/museo\/wp-json\/wp\/v2\/posts\/829","targetHints":{"allow":["GET"]}}],"collection":[{"href":"http:\/\/vientosur.top\/museo\/wp-json\/wp\/v2\/posts"}],"about":[{"href":"http:\/\/vientosur.top\/museo\/wp-json\/wp\/v2\/types\/post"}],"author":[{"embeddable":true,"href":"http:\/\/vientosur.top\/museo\/wp-json\/wp\/v2\/users\/5"}],"replies":[{"embeddable":true,"href":"http:\/\/vientosur.top\/museo\/wp-json\/wp\/v2\/comments?post=829"}],"version-history":[{"count":0,"href":"http:\/\/vientosur.top\/museo\/wp-json\/wp\/v2\/posts\/829\/revisions"}],"wp:featuredmedia":[{"embeddable":true,"href":"http:\/\/vientosur.top\/museo\/wp-json\/wp\/v2\/media\/850"}],"wp:attachment":[{"href":"http:\/\/vientosur.top\/museo\/wp-json\/wp\/v2\/media?parent=829"}],"wp:term":[{"taxonomy":"category","embeddable":true,"href":"http:\/\/vientosur.top\/museo\/wp-json\/wp\/v2\/categories?post=829"},{"taxonomy":"post_tag","embeddable":true,"href":"http:\/\/vientosur.top\/museo\/wp-json\/wp\/v2\/tags?post=829"}],"curies":[{"name":"wp","href":"https:\/\/api.w.org\/{rel}","templated":true}]}}