{"id":841,"date":"2016-03-09T21:59:09","date_gmt":"2016-03-09T21:59:09","guid":{"rendered":"http:\/\/vientosur.top\/museo\/\/?p=841"},"modified":"2016-03-09T21:59:09","modified_gmt":"2016-03-09T21:59:09","slug":"los-aportes-de-la-mujer-chilena-a-la-musica-popular","status":"publish","type":"post","link":"http:\/\/vientosur.top\/museo\/los-aportes-de-la-mujer-chilena-a-la-musica-popular\/","title":{"rendered":"Los aportes de la mujer chilena a la m\u00fasica popular"},"content":{"rendered":"<p><b><i>Expertas reflexionaron sobre este tema en el marco del D\u00eda Internacional de la Mujer.<\/i><\/b><\/p>\n<p><!--more--><\/p>\n<p>Con la participaci\u00f3n de \u00a0destacadas exponentes vinculadas a la investigaci\u00f3n, estudio e interpretaci\u00f3n de la cultura tradicional el museo se realiz\u00f3 esta tertulia, ante un \u00a0entusiasta p\u00fablico que lleg\u00f3 \u00a0al Auditorio Antar.<\/p>\n<p>En la actividad, que fue moderada por la periodista de radio Usach, Muriel Riveros, \u00a0 compartieron sus reflexiones Patricia Chavarr\u00eda, \u00a0investigadora y directora del Archivo de Cultura Tradicional de Artista de Acero; Ana Flores, estudiosa e int\u00e9rprete de folclore y continuadora del trabajo de Margot Loyola; Karen Donoso, licenciada y mag\u00edster en historia de Chile; y Micaela Navarrete, historiadora de la cultura tradicional y popular de Chile, y fundadora y conservadora del Archivo de Literatura Oral y Tradiciones Populares de la Biblioteca Nacional.<\/p>\n<p>Uno de los temas que se abord\u00f3 fue la reivindicaci\u00f3n de \u00abla cantora\u00bb como portadora de m\u00faltiples conocimientos transtemporales al interior de las comunidades campesinas y urbanas, en contraposici\u00f3n a la construcci\u00f3n masculina y moderna del huaso como representante de los contextos tradicionales.<\/p>\n<p>Como tambi\u00e9n, \u00a0se trat\u00f3 la inclusi\u00f3n multidisciplinar que debe tener el estudio de la cultura tradicional, \u00a0adem\u00e1s de la necesidad de revisar conceptos cuya connotaci\u00f3n ha cambiado, como el de folcklore, mundo popular, cultura tradicional; adem\u00e1s de la presencia, en contextos urbanos, de tradiciones, saberes y pr\u00e1cticas que s\u00f3lo se asocian al mundo campesino.<\/p>\n<p>Finalmente, qued\u00f3 de manifiesto la necesidad de seguir desarrollando espacios de discusi\u00f3n sobre temas como el tratado. \u201cMe pareci\u00f3 una experiencia muy motivante. Yo me dedico a investigar, es un trabajo muy solitario, silencioso, sin publicidad, entonces los momentos en que uno tiene la oportunidad de decir las conclusiones o los an\u00e1lisis y transmitirla es fundamental\u201d, dijo Karen Donoso, quien se desempe\u00f1a adem\u00e1s como docente en la Universidad Alberto Hurtado.<\/p>\n<p>\u201cEl aquelarre estuvo excelente. Fue muy enriquecedor para m\u00ed y es muy importante que lo hayan preparado. Fue una linda forma de celebrar el D\u00eda Internacional de la Mujer\u201d, \u00a0agreg\u00f3 Patricia Chavarr\u00eda al finalizar el encuentro.<\/p>\n<p>El conversatorio completo se podr\u00e1 ver en los pr\u00f3ximos d\u00edas a trav\u00e9s de las plataformas del museo.<\/p>\n<p>Ac\u00e1 puedes ver el\u00a0<a href=\"https:\/\/www.facebook.com\/media\/set\/?set=a.1722403938003020.1073741879.1619584511618297&amp;type=3\">\u00a0album de fotos<\/a>.<\/p>\n<p>&nbsp;<\/p>\n","protected":false},"excerpt":{"rendered":"<p>Expertas reflexionaron sobre este tema en el marco del D\u00eda Internacional de la Mujer.<\/p>\n","protected":false},"author":5,"featured_media":842,"comment_status":"open","ping_status":"open","sticky":false,"template":"","format":"standard","meta":{"site-sidebar-layout":"default","site-content-layout":"","ast-site-content-layout":"default","site-content-style":"default","site-sidebar-style":"default","ast-global-header-display":"","ast-banner-title-visibility":"","ast-main-header-display":"","ast-hfb-above-header-display":"","ast-hfb-below-header-display":"","ast-hfb-mobile-header-display":"","site-post-title":"","ast-breadcrumbs-content":"","ast-featured-img":"","footer-sml-layout":"","theme-transparent-header-meta":"","adv-header-id-meta":"","stick-header-meta":"","header-above-stick-meta":"","header-main-stick-meta":"","header-below-stick-meta":"","astra-migrate-meta-layouts":"default","ast-page-background-enabled":"default","ast-page-background-meta":{"desktop":{"background-color":"var(--ast-global-color-4)","background-image":"","background-repeat":"repeat","background-position":"center center","background-size":"auto","background-attachment":"scroll","background-type":"","background-media":"","overlay-type":"","overlay-color":"","overlay-opacity":"","overlay-gradient":""},"tablet":{"background-color":"","background-image":"","background-repeat":"repeat","background-position":"center center","background-size":"auto","background-attachment":"scroll","background-type":"","background-media":"","overlay-type":"","overlay-color":"","overlay-opacity":"","overlay-gradient":""},"mobile":{"background-color":"","background-image":"","background-repeat":"repeat","background-position":"center center","background-size":"auto","background-attachment":"scroll","background-type":"","background-media":"","overlay-type":"","overlay-color":"","overlay-opacity":"","overlay-gradient":""}},"ast-content-background-meta":{"desktop":{"background-color":"var(--ast-global-color-5)","background-image":"","background-repeat":"repeat","background-position":"center center","background-size":"auto","background-attachment":"scroll","background-type":"","background-media":"","overlay-type":"","overlay-color":"","overlay-opacity":"","overlay-gradient":""},"tablet":{"background-color":"var(--ast-global-color-5)","background-image":"","background-repeat":"repeat","background-position":"center center","background-size":"auto","background-attachment":"scroll","background-type":"","background-media":"","overlay-type":"","overlay-color":"","overlay-opacity":"","overlay-gradient":""},"mobile":{"background-color":"var(--ast-global-color-5)","background-image":"","background-repeat":"repeat","background-position":"center center","background-size":"auto","background-attachment":"scroll","background-type":"","background-media":"","overlay-type":"","overlay-color":"","overlay-opacity":"","overlay-gradient":""}},"footnotes":""},"categories":[59,8],"tags":[76,67,77,78],"class_list":["post-841","post","type-post","status-publish","format-standard","has-post-thumbnail","hentry","category-destacado-noticia","category-noticias","tag-cantora","tag-musica","tag-popular","tag-tradicional"],"yoast_head":"<!-- This site is optimized with the Yoast SEO plugin v25.4 - https:\/\/yoast.com\/wordpress\/plugins\/seo\/ -->\n<title>Los aportes de la mujer chilena a la m\u00fasica popular - Museo Violeta Parra<\/title>\n<meta name=\"robots\" content=\"index, follow, max-snippet:-1, max-image-preview:large, max-video-preview:-1\" \/>\n<link rel=\"canonical\" href=\"http:\/\/vientosur.top\/museo\/los-aportes-de-la-mujer-chilena-a-la-musica-popular\/\" \/>\n<meta property=\"og:locale\" content=\"es_ES\" \/>\n<meta property=\"og:type\" content=\"article\" \/>\n<meta property=\"og:title\" content=\"Los aportes de la mujer chilena a la m\u00fasica popular - Museo Violeta Parra\" \/>\n<meta property=\"og:description\" content=\"Expertas reflexionaron sobre este tema en el marco del D\u00eda Internacional de la Mujer.\" \/>\n<meta property=\"og:url\" content=\"http:\/\/vientosur.top\/museo\/los-aportes-de-la-mujer-chilena-a-la-musica-popular\/\" \/>\n<meta property=\"og:site_name\" content=\"Museo Violeta Parra\" \/>\n<meta property=\"article:published_time\" content=\"2016-03-09T21:59:09+00:00\" \/>\n<meta property=\"og:image\" content=\"http:\/\/vientosur.top\/museo\/wp-content\/uploads\/2016\/03\/LSE_7231a.jpg\" \/>\n\t<meta property=\"og:image:width\" content=\"1843\" \/>\n\t<meta property=\"og:image:height\" content=\"1229\" \/>\n\t<meta property=\"og:image:type\" content=\"image\/jpeg\" \/>\n<meta name=\"author\" content=\"admin\" \/>\n<meta name=\"twitter:card\" content=\"summary_large_image\" \/>\n<meta name=\"twitter:label1\" content=\"Escrito por\" \/>\n\t<meta name=\"twitter:data1\" content=\"admin\" \/>\n\t<meta name=\"twitter:label2\" content=\"Tiempo de lectura\" \/>\n\t<meta name=\"twitter:data2\" content=\"2 minutos\" \/>\n<script type=\"application\/ld+json\" class=\"yoast-schema-graph\">{\"@context\":\"https:\/\/schema.org\",\"@graph\":[{\"@type\":\"WebPage\",\"@id\":\"http:\/\/vientosur.top\/museo\/los-aportes-de-la-mujer-chilena-a-la-musica-popular\/\",\"url\":\"http:\/\/vientosur.top\/museo\/los-aportes-de-la-mujer-chilena-a-la-musica-popular\/\",\"name\":\"Los aportes de la mujer chilena a la m\u00fasica popular - Museo Violeta Parra\",\"isPartOf\":{\"@id\":\"http:\/\/vientosur.top\/museo\/#website\"},\"primaryImageOfPage\":{\"@id\":\"http:\/\/vientosur.top\/museo\/los-aportes-de-la-mujer-chilena-a-la-musica-popular\/#primaryimage\"},\"image\":{\"@id\":\"http:\/\/vientosur.top\/museo\/los-aportes-de-la-mujer-chilena-a-la-musica-popular\/#primaryimage\"},\"thumbnailUrl\":\"http:\/\/vientosur.top\/museo\/wp-content\/uploads\/2016\/03\/LSE_7231a.jpg\",\"datePublished\":\"2016-03-09T21:59:09+00:00\",\"author\":{\"@id\":\"http:\/\/vientosur.top\/museo\/#\/schema\/person\/20c79d3c38800971feec8c2693c3dd9c\"},\"breadcrumb\":{\"@id\":\"http:\/\/vientosur.top\/museo\/los-aportes-de-la-mujer-chilena-a-la-musica-popular\/#breadcrumb\"},\"inLanguage\":\"es\",\"potentialAction\":[{\"@type\":\"ReadAction\",\"target\":[\"http:\/\/vientosur.top\/museo\/los-aportes-de-la-mujer-chilena-a-la-musica-popular\/\"]}]},{\"@type\":\"ImageObject\",\"inLanguage\":\"es\",\"@id\":\"http:\/\/vientosur.top\/museo\/los-aportes-de-la-mujer-chilena-a-la-musica-popular\/#primaryimage\",\"url\":\"http:\/\/vientosur.top\/museo\/wp-content\/uploads\/2016\/03\/LSE_7231a.jpg\",\"contentUrl\":\"http:\/\/vientosur.top\/museo\/wp-content\/uploads\/2016\/03\/LSE_7231a.jpg\",\"width\":1843,\"height\":1229},{\"@type\":\"BreadcrumbList\",\"@id\":\"http:\/\/vientosur.top\/museo\/los-aportes-de-la-mujer-chilena-a-la-musica-popular\/#breadcrumb\",\"itemListElement\":[{\"@type\":\"ListItem\",\"position\":1,\"name\":\"Portada\",\"item\":\"http:\/\/vientosur.top\/museo\/\"},{\"@type\":\"ListItem\",\"position\":2,\"name\":\"Los aportes de la mujer chilena a la m\u00fasica popular\"}]},{\"@type\":\"WebSite\",\"@id\":\"http:\/\/vientosur.top\/museo\/#website\",\"url\":\"http:\/\/vientosur.top\/museo\/\",\"name\":\"Museo Violeta Parra\",\"description\":\"Espacio que alberga tanto la memoria y legado creativo de la artista\",\"potentialAction\":[{\"@type\":\"SearchAction\",\"target\":{\"@type\":\"EntryPoint\",\"urlTemplate\":\"http:\/\/vientosur.top\/museo\/?s={search_term_string}\"},\"query-input\":{\"@type\":\"PropertyValueSpecification\",\"valueRequired\":true,\"valueName\":\"search_term_string\"}}],\"inLanguage\":\"es\"},{\"@type\":\"Person\",\"@id\":\"http:\/\/vientosur.top\/museo\/#\/schema\/person\/20c79d3c38800971feec8c2693c3dd9c\",\"name\":\"admin\",\"image\":{\"@type\":\"ImageObject\",\"inLanguage\":\"es\",\"@id\":\"http:\/\/vientosur.top\/museo\/#\/schema\/person\/image\/\",\"url\":\"https:\/\/secure.gravatar.com\/avatar\/713677ece3ffa642287213a80e5b773bce9ab81c269dd6d95102a990951c922f?s=96&d=mm&r=g\",\"contentUrl\":\"https:\/\/secure.gravatar.com\/avatar\/713677ece3ffa642287213a80e5b773bce9ab81c269dd6d95102a990951c922f?s=96&d=mm&r=g\",\"caption\":\"admin\"},\"sameAs\":[\"http:\/\/vientosur.top\/museo\"],\"url\":\"http:\/\/vientosur.top\/museo\/author\/comunicacionesmvp\/\"}]}<\/script>\n<!-- \/ Yoast SEO plugin. -->","yoast_head_json":{"title":"Los aportes de la mujer chilena a la m\u00fasica popular - Museo Violeta Parra","robots":{"index":"index","follow":"follow","max-snippet":"max-snippet:-1","max-image-preview":"max-image-preview:large","max-video-preview":"max-video-preview:-1"},"canonical":"http:\/\/vientosur.top\/museo\/los-aportes-de-la-mujer-chilena-a-la-musica-popular\/","og_locale":"es_ES","og_type":"article","og_title":"Los aportes de la mujer chilena a la m\u00fasica popular - Museo Violeta Parra","og_description":"Expertas reflexionaron sobre este tema en el marco del D\u00eda Internacional de la Mujer.","og_url":"http:\/\/vientosur.top\/museo\/los-aportes-de-la-mujer-chilena-a-la-musica-popular\/","og_site_name":"Museo Violeta Parra","article_published_time":"2016-03-09T21:59:09+00:00","og_image":[{"width":1843,"height":1229,"url":"http:\/\/vientosur.top\/museo\/wp-content\/uploads\/2016\/03\/LSE_7231a.jpg","type":"image\/jpeg"}],"author":"admin","twitter_card":"summary_large_image","twitter_misc":{"Escrito por":"admin","Tiempo de lectura":"2 minutos"},"schema":{"@context":"https:\/\/schema.org","@graph":[{"@type":"WebPage","@id":"http:\/\/vientosur.top\/museo\/los-aportes-de-la-mujer-chilena-a-la-musica-popular\/","url":"http:\/\/vientosur.top\/museo\/los-aportes-de-la-mujer-chilena-a-la-musica-popular\/","name":"Los aportes de la mujer chilena a la m\u00fasica popular - Museo Violeta Parra","isPartOf":{"@id":"http:\/\/vientosur.top\/museo\/#website"},"primaryImageOfPage":{"@id":"http:\/\/vientosur.top\/museo\/los-aportes-de-la-mujer-chilena-a-la-musica-popular\/#primaryimage"},"image":{"@id":"http:\/\/vientosur.top\/museo\/los-aportes-de-la-mujer-chilena-a-la-musica-popular\/#primaryimage"},"thumbnailUrl":"http:\/\/vientosur.top\/museo\/wp-content\/uploads\/2016\/03\/LSE_7231a.jpg","datePublished":"2016-03-09T21:59:09+00:00","author":{"@id":"http:\/\/vientosur.top\/museo\/#\/schema\/person\/20c79d3c38800971feec8c2693c3dd9c"},"breadcrumb":{"@id":"http:\/\/vientosur.top\/museo\/los-aportes-de-la-mujer-chilena-a-la-musica-popular\/#breadcrumb"},"inLanguage":"es","potentialAction":[{"@type":"ReadAction","target":["http:\/\/vientosur.top\/museo\/los-aportes-de-la-mujer-chilena-a-la-musica-popular\/"]}]},{"@type":"ImageObject","inLanguage":"es","@id":"http:\/\/vientosur.top\/museo\/los-aportes-de-la-mujer-chilena-a-la-musica-popular\/#primaryimage","url":"http:\/\/vientosur.top\/museo\/wp-content\/uploads\/2016\/03\/LSE_7231a.jpg","contentUrl":"http:\/\/vientosur.top\/museo\/wp-content\/uploads\/2016\/03\/LSE_7231a.jpg","width":1843,"height":1229},{"@type":"BreadcrumbList","@id":"http:\/\/vientosur.top\/museo\/los-aportes-de-la-mujer-chilena-a-la-musica-popular\/#breadcrumb","itemListElement":[{"@type":"ListItem","position":1,"name":"Portada","item":"http:\/\/vientosur.top\/museo\/"},{"@type":"ListItem","position":2,"name":"Los aportes de la mujer chilena a la m\u00fasica popular"}]},{"@type":"WebSite","@id":"http:\/\/vientosur.top\/museo\/#website","url":"http:\/\/vientosur.top\/museo\/","name":"Museo Violeta Parra","description":"Espacio que alberga tanto la memoria y legado creativo de la artista","potentialAction":[{"@type":"SearchAction","target":{"@type":"EntryPoint","urlTemplate":"http:\/\/vientosur.top\/museo\/?s={search_term_string}"},"query-input":{"@type":"PropertyValueSpecification","valueRequired":true,"valueName":"search_term_string"}}],"inLanguage":"es"},{"@type":"Person","@id":"http:\/\/vientosur.top\/museo\/#\/schema\/person\/20c79d3c38800971feec8c2693c3dd9c","name":"admin","image":{"@type":"ImageObject","inLanguage":"es","@id":"http:\/\/vientosur.top\/museo\/#\/schema\/person\/image\/","url":"https:\/\/secure.gravatar.com\/avatar\/713677ece3ffa642287213a80e5b773bce9ab81c269dd6d95102a990951c922f?s=96&d=mm&r=g","contentUrl":"https:\/\/secure.gravatar.com\/avatar\/713677ece3ffa642287213a80e5b773bce9ab81c269dd6d95102a990951c922f?s=96&d=mm&r=g","caption":"admin"},"sameAs":["http:\/\/vientosur.top\/museo"],"url":"http:\/\/vientosur.top\/museo\/author\/comunicacionesmvp\/"}]}},"_links":{"self":[{"href":"http:\/\/vientosur.top\/museo\/wp-json\/wp\/v2\/posts\/841","targetHints":{"allow":["GET"]}}],"collection":[{"href":"http:\/\/vientosur.top\/museo\/wp-json\/wp\/v2\/posts"}],"about":[{"href":"http:\/\/vientosur.top\/museo\/wp-json\/wp\/v2\/types\/post"}],"author":[{"embeddable":true,"href":"http:\/\/vientosur.top\/museo\/wp-json\/wp\/v2\/users\/5"}],"replies":[{"embeddable":true,"href":"http:\/\/vientosur.top\/museo\/wp-json\/wp\/v2\/comments?post=841"}],"version-history":[{"count":0,"href":"http:\/\/vientosur.top\/museo\/wp-json\/wp\/v2\/posts\/841\/revisions"}],"wp:featuredmedia":[{"embeddable":true,"href":"http:\/\/vientosur.top\/museo\/wp-json\/wp\/v2\/media\/842"}],"wp:attachment":[{"href":"http:\/\/vientosur.top\/museo\/wp-json\/wp\/v2\/media?parent=841"}],"wp:term":[{"taxonomy":"category","embeddable":true,"href":"http:\/\/vientosur.top\/museo\/wp-json\/wp\/v2\/categories?post=841"},{"taxonomy":"post_tag","embeddable":true,"href":"http:\/\/vientosur.top\/museo\/wp-json\/wp\/v2\/tags?post=841"}],"curies":[{"name":"wp","href":"https:\/\/api.w.org\/{rel}","templated":true}]}}