{"id":858,"date":"2016-03-11T20:35:40","date_gmt":"2016-03-11T20:35:40","guid":{"rendered":"http:\/\/vientosur.top\/museo\/\/?p=858"},"modified":"2016-03-11T20:35:40","modified_gmt":"2016-03-11T20:35:40","slug":"10-anos-de-discursos-y-transcursos-del-estar-de-las-mujeres","status":"publish","type":"post","link":"http:\/\/vientosur.top\/museo\/10-anos-de-discursos-y-transcursos-del-estar-de-las-mujeres\/","title":{"rendered":"\u201c10 a\u00f1os de discursos y transcursos del estar de las mujeres\u201d"},"content":{"rendered":"<p><strong>La publicaci\u00f3n realizada por \u00a0la Corporaci\u00f3n Humanas que aborda\u00a0\u00a0la situaci\u00f3n de las mujeres durante la \u00faltima d\u00e9cada\u00a0se present\u00f3 en el museo.<\/strong><\/p>\n<p><!--more--><\/p>\n<p>Con los\u00a0\u00a0comentarios de la Directora del Instituto de Derechos Humanos Lorena Fries; de la diputada Karla Rubilar y del Director de la Escuela de Ciencias Pol\u00edticas de la UDP, Claudio Fuentes se present\u00f3 esta ma\u00f1ana el libro en el Auditorio Antar del Museo.<\/p>\n<p>Desde el a\u00f1o 2004 <a href=\"http:\/\/www.humanas.cl\">Corporaci\u00f3n Humanas<\/a> realiza la encuesta <strong><em>\u201cPercepciones de las mujeres chilenas sobre su situaci\u00f3n y condiciones de vida\u201d, <\/em><\/strong>cuyo fin es visibilizar las voces de las mujeres y monitorear los cambios culturales que inciden en los diversos niveles de conciencia de g\u00e9nero de las chilenas.<\/p>\n<p>La \u00a0publicaci\u00f3n <strong><em>\u201c10 a\u00f1os de discursos y transcursos del estar de las mujeres\u201d <\/em><\/strong>es el an\u00e1lisis de los resultados de dicha encuesta y su valor radica en que es la \u00fanica encuesta nacional, realizada cara a cara, que recoge las percepciones solo de las mujeres, levantando informaci\u00f3n sobre temas ausentes del debate p\u00fablico-pol\u00edtico patriarcal, as\u00ed como la mirada que tienen las mujeres respecto de sus condiciones de vida, en especial, su apreciaci\u00f3n sobre la discriminaci\u00f3n de la cual son objeto y los \u00e1mbitos donde se vivencia cotidianamente el malestar.<\/p>\n<p>Su objetivo\u00a0es compartir el diagn\u00f3stico que arroja la encuesta sobre la situaci\u00f3n de las mujeres durante la \u00faltima d\u00e9cada, la cual estuvo marcada por cambios pol\u00edticos, sociales y econ\u00f3micos relevantes en nuestro pa\u00eds.<\/p>\n<p>Entre las conclusiones del libro se se\u00f1ala que\u00a0las mujeres perciben el aumento e incremento de la violencia que tiene como su manifestaci\u00f3n extrema el femicidio y a la vez eval\u00faan la respuesta estatal como d\u00e9bil, lo que genera la sensaci\u00f3n de impunidad y de falta de acceso a la justicia.<\/p>\n<p>Para Corporaci\u00f3n Humanas esta publicaci\u00f3n es un aporte a la reflexi\u00f3n en clave feminista respecto del mal-estar de las mujeres y un llamado de atenci\u00f3n a reorientar la pol\u00edtica p\u00fablica hacia transformaciones radicales que permitan erradicar la desigualdad y exclusi\u00f3n de las mujeres que opera en nuestro pa\u00eds, sostiene Carolina Carrera, presidenta de la corporaci\u00f3n,<\/p>\n<p>En tanto, el director del museo, Leonardo Mellado valor\u00f3 que debates como el que suscita este libro se puedan realizar en el espacio museal.<\/p>\n<p>&nbsp;<\/p>\n","protected":false},"excerpt":{"rendered":"<p>La publicaci\u00f3n realizada por \u00a0la Corporaci\u00f3n Humanas que aborda\u00a0\u00a0la situaci\u00f3n de las mujeres durante la \u00faltima d\u00e9cada\u00a0se present\u00f3 en el museo.<\/p>\n","protected":false},"author":5,"featured_media":861,"comment_status":"open","ping_status":"open","sticky":false,"template":"","format":"standard","meta":{"site-sidebar-layout":"default","site-content-layout":"","ast-site-content-layout":"default","site-content-style":"default","site-sidebar-style":"default","ast-global-header-display":"","ast-banner-title-visibility":"","ast-main-header-display":"","ast-hfb-above-header-display":"","ast-hfb-below-header-display":"","ast-hfb-mobile-header-display":"","site-post-title":"","ast-breadcrumbs-content":"","ast-featured-img":"","footer-sml-layout":"","theme-transparent-header-meta":"","adv-header-id-meta":"","stick-header-meta":"","header-above-stick-meta":"","header-main-stick-meta":"","header-below-stick-meta":"","astra-migrate-meta-layouts":"default","ast-page-background-enabled":"default","ast-page-background-meta":{"desktop":{"background-color":"var(--ast-global-color-4)","background-image":"","background-repeat":"repeat","background-position":"center center","background-size":"auto","background-attachment":"scroll","background-type":"","background-media":"","overlay-type":"","overlay-color":"","overlay-opacity":"","overlay-gradient":""},"tablet":{"background-color":"","background-image":"","background-repeat":"repeat","background-position":"center center","background-size":"auto","background-attachment":"scroll","background-type":"","background-media":"","overlay-type":"","overlay-color":"","overlay-opacity":"","overlay-gradient":""},"mobile":{"background-color":"","background-image":"","background-repeat":"repeat","background-position":"center center","background-size":"auto","background-attachment":"scroll","background-type":"","background-media":"","overlay-type":"","overlay-color":"","overlay-opacity":"","overlay-gradient":""}},"ast-content-background-meta":{"desktop":{"background-color":"var(--ast-global-color-5)","background-image":"","background-repeat":"repeat","background-position":"center center","background-size":"auto","background-attachment":"scroll","background-type":"","background-media":"","overlay-type":"","overlay-color":"","overlay-opacity":"","overlay-gradient":""},"tablet":{"background-color":"var(--ast-global-color-5)","background-image":"","background-repeat":"repeat","background-position":"center center","background-size":"auto","background-attachment":"scroll","background-type":"","background-media":"","overlay-type":"","overlay-color":"","overlay-opacity":"","overlay-gradient":""},"mobile":{"background-color":"var(--ast-global-color-5)","background-image":"","background-repeat":"repeat","background-position":"center center","background-size":"auto","background-attachment":"scroll","background-type":"","background-media":"","overlay-type":"","overlay-color":"","overlay-opacity":"","overlay-gradient":""}},"footnotes":""},"categories":[8],"tags":[79],"class_list":["post-858","post","type-post","status-publish","format-standard","has-post-thumbnail","hentry","category-noticias","tag-libro"],"yoast_head":"<!-- This site is optimized with the Yoast SEO plugin v25.4 - https:\/\/yoast.com\/wordpress\/plugins\/seo\/ -->\n<title>\u201c10 a\u00f1os de discursos y transcursos del estar de las mujeres\u201d - Museo Violeta Parra<\/title>\n<meta name=\"robots\" content=\"index, follow, max-snippet:-1, max-image-preview:large, max-video-preview:-1\" \/>\n<link rel=\"canonical\" href=\"http:\/\/vientosur.top\/museo\/10-anos-de-discursos-y-transcursos-del-estar-de-las-mujeres\/\" \/>\n<meta property=\"og:locale\" content=\"es_ES\" \/>\n<meta property=\"og:type\" content=\"article\" \/>\n<meta property=\"og:title\" content=\"\u201c10 a\u00f1os de discursos y transcursos del estar de las mujeres\u201d - Museo Violeta Parra\" \/>\n<meta property=\"og:description\" content=\"La publicaci\u00f3n realizada por \u00a0la Corporaci\u00f3n Humanas que aborda\u00a0\u00a0la situaci\u00f3n de las mujeres durante la \u00faltima d\u00e9cada\u00a0se present\u00f3 en el museo.\" \/>\n<meta property=\"og:url\" content=\"http:\/\/vientosur.top\/museo\/10-anos-de-discursos-y-transcursos-del-estar-de-las-mujeres\/\" \/>\n<meta property=\"og:site_name\" content=\"Museo Violeta Parra\" \/>\n<meta property=\"article:published_time\" content=\"2016-03-11T20:35:40+00:00\" \/>\n<meta property=\"og:image\" content=\"http:\/\/vientosur.top\/museo\/wp-content\/uploads\/2016\/03\/DSC_0432.jpg\" \/>\n\t<meta property=\"og:image:width\" content=\"1925\" \/>\n\t<meta property=\"og:image:height\" content=\"1280\" \/>\n\t<meta property=\"og:image:type\" content=\"image\/jpeg\" \/>\n<meta name=\"author\" content=\"admin\" \/>\n<meta name=\"twitter:card\" content=\"summary_large_image\" \/>\n<meta name=\"twitter:label1\" content=\"Escrito por\" \/>\n\t<meta name=\"twitter:data1\" content=\"admin\" \/>\n\t<meta name=\"twitter:label2\" content=\"Tiempo de lectura\" \/>\n\t<meta name=\"twitter:data2\" content=\"2 minutos\" \/>\n<script type=\"application\/ld+json\" class=\"yoast-schema-graph\">{\"@context\":\"https:\/\/schema.org\",\"@graph\":[{\"@type\":\"WebPage\",\"@id\":\"http:\/\/vientosur.top\/museo\/10-anos-de-discursos-y-transcursos-del-estar-de-las-mujeres\/\",\"url\":\"http:\/\/vientosur.top\/museo\/10-anos-de-discursos-y-transcursos-del-estar-de-las-mujeres\/\",\"name\":\"\u201c10 a\u00f1os de discursos y transcursos del estar de las mujeres\u201d - Museo Violeta Parra\",\"isPartOf\":{\"@id\":\"http:\/\/vientosur.top\/museo\/#website\"},\"primaryImageOfPage\":{\"@id\":\"http:\/\/vientosur.top\/museo\/10-anos-de-discursos-y-transcursos-del-estar-de-las-mujeres\/#primaryimage\"},\"image\":{\"@id\":\"http:\/\/vientosur.top\/museo\/10-anos-de-discursos-y-transcursos-del-estar-de-las-mujeres\/#primaryimage\"},\"thumbnailUrl\":\"http:\/\/vientosur.top\/museo\/wp-content\/uploads\/2016\/03\/DSC_0432.jpg\",\"datePublished\":\"2016-03-11T20:35:40+00:00\",\"author\":{\"@id\":\"http:\/\/vientosur.top\/museo\/#\/schema\/person\/20c79d3c38800971feec8c2693c3dd9c\"},\"breadcrumb\":{\"@id\":\"http:\/\/vientosur.top\/museo\/10-anos-de-discursos-y-transcursos-del-estar-de-las-mujeres\/#breadcrumb\"},\"inLanguage\":\"es\",\"potentialAction\":[{\"@type\":\"ReadAction\",\"target\":[\"http:\/\/vientosur.top\/museo\/10-anos-de-discursos-y-transcursos-del-estar-de-las-mujeres\/\"]}]},{\"@type\":\"ImageObject\",\"inLanguage\":\"es\",\"@id\":\"http:\/\/vientosur.top\/museo\/10-anos-de-discursos-y-transcursos-del-estar-de-las-mujeres\/#primaryimage\",\"url\":\"http:\/\/vientosur.top\/museo\/wp-content\/uploads\/2016\/03\/DSC_0432.jpg\",\"contentUrl\":\"http:\/\/vientosur.top\/museo\/wp-content\/uploads\/2016\/03\/DSC_0432.jpg\",\"width\":1925,\"height\":1280},{\"@type\":\"BreadcrumbList\",\"@id\":\"http:\/\/vientosur.top\/museo\/10-anos-de-discursos-y-transcursos-del-estar-de-las-mujeres\/#breadcrumb\",\"itemListElement\":[{\"@type\":\"ListItem\",\"position\":1,\"name\":\"Portada\",\"item\":\"http:\/\/vientosur.top\/museo\/\"},{\"@type\":\"ListItem\",\"position\":2,\"name\":\"\u201c10 a\u00f1os de discursos y transcursos del estar de las mujeres\u201d\"}]},{\"@type\":\"WebSite\",\"@id\":\"http:\/\/vientosur.top\/museo\/#website\",\"url\":\"http:\/\/vientosur.top\/museo\/\",\"name\":\"Museo Violeta Parra\",\"description\":\"Espacio que alberga tanto la memoria y legado creativo de la artista\",\"potentialAction\":[{\"@type\":\"SearchAction\",\"target\":{\"@type\":\"EntryPoint\",\"urlTemplate\":\"http:\/\/vientosur.top\/museo\/?s={search_term_string}\"},\"query-input\":{\"@type\":\"PropertyValueSpecification\",\"valueRequired\":true,\"valueName\":\"search_term_string\"}}],\"inLanguage\":\"es\"},{\"@type\":\"Person\",\"@id\":\"http:\/\/vientosur.top\/museo\/#\/schema\/person\/20c79d3c38800971feec8c2693c3dd9c\",\"name\":\"admin\",\"image\":{\"@type\":\"ImageObject\",\"inLanguage\":\"es\",\"@id\":\"http:\/\/vientosur.top\/museo\/#\/schema\/person\/image\/\",\"url\":\"https:\/\/secure.gravatar.com\/avatar\/713677ece3ffa642287213a80e5b773bce9ab81c269dd6d95102a990951c922f?s=96&d=mm&r=g\",\"contentUrl\":\"https:\/\/secure.gravatar.com\/avatar\/713677ece3ffa642287213a80e5b773bce9ab81c269dd6d95102a990951c922f?s=96&d=mm&r=g\",\"caption\":\"admin\"},\"sameAs\":[\"http:\/\/vientosur.top\/museo\"],\"url\":\"http:\/\/vientosur.top\/museo\/author\/comunicacionesmvp\/\"}]}<\/script>\n<!-- \/ Yoast SEO plugin. -->","yoast_head_json":{"title":"\u201c10 a\u00f1os de discursos y transcursos del estar de las mujeres\u201d - Museo Violeta Parra","robots":{"index":"index","follow":"follow","max-snippet":"max-snippet:-1","max-image-preview":"max-image-preview:large","max-video-preview":"max-video-preview:-1"},"canonical":"http:\/\/vientosur.top\/museo\/10-anos-de-discursos-y-transcursos-del-estar-de-las-mujeres\/","og_locale":"es_ES","og_type":"article","og_title":"\u201c10 a\u00f1os de discursos y transcursos del estar de las mujeres\u201d - Museo Violeta Parra","og_description":"La publicaci\u00f3n realizada por \u00a0la Corporaci\u00f3n Humanas que aborda\u00a0\u00a0la situaci\u00f3n de las mujeres durante la \u00faltima d\u00e9cada\u00a0se present\u00f3 en el museo.","og_url":"http:\/\/vientosur.top\/museo\/10-anos-de-discursos-y-transcursos-del-estar-de-las-mujeres\/","og_site_name":"Museo Violeta Parra","article_published_time":"2016-03-11T20:35:40+00:00","og_image":[{"width":1925,"height":1280,"url":"http:\/\/vientosur.top\/museo\/wp-content\/uploads\/2016\/03\/DSC_0432.jpg","type":"image\/jpeg"}],"author":"admin","twitter_card":"summary_large_image","twitter_misc":{"Escrito por":"admin","Tiempo de lectura":"2 minutos"},"schema":{"@context":"https:\/\/schema.org","@graph":[{"@type":"WebPage","@id":"http:\/\/vientosur.top\/museo\/10-anos-de-discursos-y-transcursos-del-estar-de-las-mujeres\/","url":"http:\/\/vientosur.top\/museo\/10-anos-de-discursos-y-transcursos-del-estar-de-las-mujeres\/","name":"\u201c10 a\u00f1os de discursos y transcursos del estar de las mujeres\u201d - Museo Violeta Parra","isPartOf":{"@id":"http:\/\/vientosur.top\/museo\/#website"},"primaryImageOfPage":{"@id":"http:\/\/vientosur.top\/museo\/10-anos-de-discursos-y-transcursos-del-estar-de-las-mujeres\/#primaryimage"},"image":{"@id":"http:\/\/vientosur.top\/museo\/10-anos-de-discursos-y-transcursos-del-estar-de-las-mujeres\/#primaryimage"},"thumbnailUrl":"http:\/\/vientosur.top\/museo\/wp-content\/uploads\/2016\/03\/DSC_0432.jpg","datePublished":"2016-03-11T20:35:40+00:00","author":{"@id":"http:\/\/vientosur.top\/museo\/#\/schema\/person\/20c79d3c38800971feec8c2693c3dd9c"},"breadcrumb":{"@id":"http:\/\/vientosur.top\/museo\/10-anos-de-discursos-y-transcursos-del-estar-de-las-mujeres\/#breadcrumb"},"inLanguage":"es","potentialAction":[{"@type":"ReadAction","target":["http:\/\/vientosur.top\/museo\/10-anos-de-discursos-y-transcursos-del-estar-de-las-mujeres\/"]}]},{"@type":"ImageObject","inLanguage":"es","@id":"http:\/\/vientosur.top\/museo\/10-anos-de-discursos-y-transcursos-del-estar-de-las-mujeres\/#primaryimage","url":"http:\/\/vientosur.top\/museo\/wp-content\/uploads\/2016\/03\/DSC_0432.jpg","contentUrl":"http:\/\/vientosur.top\/museo\/wp-content\/uploads\/2016\/03\/DSC_0432.jpg","width":1925,"height":1280},{"@type":"BreadcrumbList","@id":"http:\/\/vientosur.top\/museo\/10-anos-de-discursos-y-transcursos-del-estar-de-las-mujeres\/#breadcrumb","itemListElement":[{"@type":"ListItem","position":1,"name":"Portada","item":"http:\/\/vientosur.top\/museo\/"},{"@type":"ListItem","position":2,"name":"\u201c10 a\u00f1os de discursos y transcursos del estar de las mujeres\u201d"}]},{"@type":"WebSite","@id":"http:\/\/vientosur.top\/museo\/#website","url":"http:\/\/vientosur.top\/museo\/","name":"Museo Violeta Parra","description":"Espacio que alberga tanto la memoria y legado creativo de la artista","potentialAction":[{"@type":"SearchAction","target":{"@type":"EntryPoint","urlTemplate":"http:\/\/vientosur.top\/museo\/?s={search_term_string}"},"query-input":{"@type":"PropertyValueSpecification","valueRequired":true,"valueName":"search_term_string"}}],"inLanguage":"es"},{"@type":"Person","@id":"http:\/\/vientosur.top\/museo\/#\/schema\/person\/20c79d3c38800971feec8c2693c3dd9c","name":"admin","image":{"@type":"ImageObject","inLanguage":"es","@id":"http:\/\/vientosur.top\/museo\/#\/schema\/person\/image\/","url":"https:\/\/secure.gravatar.com\/avatar\/713677ece3ffa642287213a80e5b773bce9ab81c269dd6d95102a990951c922f?s=96&d=mm&r=g","contentUrl":"https:\/\/secure.gravatar.com\/avatar\/713677ece3ffa642287213a80e5b773bce9ab81c269dd6d95102a990951c922f?s=96&d=mm&r=g","caption":"admin"},"sameAs":["http:\/\/vientosur.top\/museo"],"url":"http:\/\/vientosur.top\/museo\/author\/comunicacionesmvp\/"}]}},"_links":{"self":[{"href":"http:\/\/vientosur.top\/museo\/wp-json\/wp\/v2\/posts\/858","targetHints":{"allow":["GET"]}}],"collection":[{"href":"http:\/\/vientosur.top\/museo\/wp-json\/wp\/v2\/posts"}],"about":[{"href":"http:\/\/vientosur.top\/museo\/wp-json\/wp\/v2\/types\/post"}],"author":[{"embeddable":true,"href":"http:\/\/vientosur.top\/museo\/wp-json\/wp\/v2\/users\/5"}],"replies":[{"embeddable":true,"href":"http:\/\/vientosur.top\/museo\/wp-json\/wp\/v2\/comments?post=858"}],"version-history":[{"count":0,"href":"http:\/\/vientosur.top\/museo\/wp-json\/wp\/v2\/posts\/858\/revisions"}],"wp:featuredmedia":[{"embeddable":true,"href":"http:\/\/vientosur.top\/museo\/wp-json\/wp\/v2\/media\/861"}],"wp:attachment":[{"href":"http:\/\/vientosur.top\/museo\/wp-json\/wp\/v2\/media?parent=858"}],"wp:term":[{"taxonomy":"category","embeddable":true,"href":"http:\/\/vientosur.top\/museo\/wp-json\/wp\/v2\/categories?post=858"},{"taxonomy":"post_tag","embeddable":true,"href":"http:\/\/vientosur.top\/museo\/wp-json\/wp\/v2\/tags?post=858"}],"curies":[{"name":"wp","href":"https:\/\/api.w.org\/{rel}","templated":true}]}}