{"id":927,"date":"2016-03-17T20:35:49","date_gmt":"2016-03-17T20:35:49","guid":{"rendered":"http:\/\/vientosur.top\/museo\/\/?p=927"},"modified":"2016-03-17T20:35:49","modified_gmt":"2016-03-17T20:35:49","slug":"musica-arte-y-teatro-este-fin-de-semana-en-el-museo-violeta-parra","status":"publish","type":"post","link":"http:\/\/vientosur.top\/museo\/musica-arte-y-teatro-este-fin-de-semana-en-el-museo-violeta-parra\/","title":{"rendered":"M\u00fasica, arte y teatro este fin de semana en el Museo Violeta Parra"},"content":{"rendered":"<ul>\n<li><strong><em>La destacada cantante y compositora chilena, Francesca Ancarola, se presentar\u00e1 ambos d\u00edas en el auditorio Antar.<\/em><\/strong><\/li>\n<\/ul>\n<p><!--more--><\/p>\n<p>Una variada oferta de actividades prepar\u00f3 el Museo Violeta Parra para este fin de semana del 19 y 20 de marzo.<\/p>\n<p>El s\u00e1bado 19 volver\u00e1 el teatro familiar al auditorio Antar con la obra<strong> \u201cPetronila y su historia traspuesta\u201d, <\/strong>de la Compa\u00f1\u00eda Teatro Mestizo, que se realizar\u00e1 a las 12:00 horas. La obra cuenta la historia de Do\u00f1a Petronila, anciana muy pobre que decide visitar a do\u00f1a Martina, una bruja de pueblo, a quien le pide una \u00abvirtud\u00bb, o sea, un poder m\u00e1gico para poder saciar su hambre. Do\u00f1a Martina le concede una \u00abbolsita de virtud\u00bb para saciar su hambre con la condici\u00f3n de que \u00abno se lo cuente a naiden\u00bb. El problema es que do\u00f1a Petronila es muy chismosa y no saber guardar secretos.<\/p>\n<p>A las 15:00 horas, en la Sala Educativa de Museo Violeta Parra, se realizar\u00e1 el taller <strong>\u201cMi primera Jardinera\u201d, <\/strong>a cargo de \u201cLa Bolsa Loca\u201d, quienes ense\u00f1ar\u00e1n a reutilizar una botella de bebida desechable para transformarla en un macetero auto regable para tus plantas. Sin duda, una hermosa forma de fomentar el reciclaje y el amor por la naturaleza.<\/p>\n<p>Como cada fin de semana, la m\u00fasica se tomar\u00e1 el auditorio Antar, esta vez con la presentaci\u00f3n de la destacada cantante y compositora chilena, <strong>Francesca Ancarola<\/strong>, quien presentar\u00e1 \u201cEspejo de los sue\u00f1os\u201d, libro-disco de partituras de su autor\u00eda que contiene una primera selecci\u00f3n de canciones escritas entre 1996 y 2005. Estar\u00e1 acompa\u00f1ada por Sim\u00f3n Schriever en guitarra y Rodrigo Galarce en contrabajo.<\/p>\n<p><a href=\"http:\/\/vientosur.top\/museo\/\/wp-content\/uploads\/2016\/03\/noticia-actividades.jpg\" rel=\"attachment wp-att-930\"><img fetchpriority=\"high\" decoding=\"async\" class=\"size-medium wp-image-930 aligncenter\" src=\"http:\/\/vientosur.top\/museo\/\/wp-content\/uploads\/2016\/03\/noticia-actividades-300x188.jpg\" alt=\"noticia actividades\" width=\"300\" height=\"188\" \/><\/a><\/p>\n<p>El recital se realizar\u00e1 a las 16:00 horas y se repetir\u00e1 en el mismo horario al d\u00eda siguiente, el domingo 20 de marzo. Quienes quieran asistir deben retirar sus invitaciones gratuitas en informaciones del Museo, de martes a domingo de 09:30 a 18:00 horas. Los cupos son limitados.<\/p>\n<p>Tambi\u00e9n se realizar\u00e1n las habituales visitas guiadas preparadas por el equipo de Educaci\u00f3n, a las 11:00 y 12:00 horas.\u00a0 Para participar en ellas s\u00f3lo se requiere inscripci\u00f3n en informaciones del Museo.<\/p>\n","protected":false},"excerpt":{"rendered":"<p>La destacada cantante y compositora chilena, Francesca Ancarola, se presentar\u00e1 ambos d\u00edas en el auditorio Antar.<\/p>\n","protected":false},"author":5,"featured_media":938,"comment_status":"open","ping_status":"open","sticky":false,"template":"","format":"standard","meta":{"site-sidebar-layout":"default","site-content-layout":"","ast-site-content-layout":"default","site-content-style":"default","site-sidebar-style":"default","ast-global-header-display":"","ast-banner-title-visibility":"","ast-main-header-display":"","ast-hfb-above-header-display":"","ast-hfb-below-header-display":"","ast-hfb-mobile-header-display":"","site-post-title":"","ast-breadcrumbs-content":"","ast-featured-img":"","footer-sml-layout":"","theme-transparent-header-meta":"","adv-header-id-meta":"","stick-header-meta":"","header-above-stick-meta":"","header-main-stick-meta":"","header-below-stick-meta":"","astra-migrate-meta-layouts":"default","ast-page-background-enabled":"default","ast-page-background-meta":{"desktop":{"background-color":"var(--ast-global-color-4)","background-image":"","background-repeat":"repeat","background-position":"center center","background-size":"auto","background-attachment":"scroll","background-type":"","background-media":"","overlay-type":"","overlay-color":"","overlay-opacity":"","overlay-gradient":""},"tablet":{"background-color":"","background-image":"","background-repeat":"repeat","background-position":"center center","background-size":"auto","background-attachment":"scroll","background-type":"","background-media":"","overlay-type":"","overlay-color":"","overlay-opacity":"","overlay-gradient":""},"mobile":{"background-color":"","background-image":"","background-repeat":"repeat","background-position":"center center","background-size":"auto","background-attachment":"scroll","background-type":"","background-media":"","overlay-type":"","overlay-color":"","overlay-opacity":"","overlay-gradient":""}},"ast-content-background-meta":{"desktop":{"background-color":"var(--ast-global-color-5)","background-image":"","background-repeat":"repeat","background-position":"center center","background-size":"auto","background-attachment":"scroll","background-type":"","background-media":"","overlay-type":"","overlay-color":"","overlay-opacity":"","overlay-gradient":""},"tablet":{"background-color":"var(--ast-global-color-5)","background-image":"","background-repeat":"repeat","background-position":"center center","background-size":"auto","background-attachment":"scroll","background-type":"","background-media":"","overlay-type":"","overlay-color":"","overlay-opacity":"","overlay-gradient":""},"mobile":{"background-color":"var(--ast-global-color-5)","background-image":"","background-repeat":"repeat","background-position":"center center","background-size":"auto","background-attachment":"scroll","background-type":"","background-media":"","overlay-type":"","overlay-color":"","overlay-opacity":"","overlay-gradient":""}},"footnotes":""},"categories":[8],"tags":[66,80],"class_list":["post-927","post","type-post","status-publish","format-standard","has-post-thumbnail","hentry","category-noticias","tag-auditorio-antar","tag-francesca-ancarola"],"yoast_head":"<!-- This site is optimized with the Yoast SEO plugin v25.4 - https:\/\/yoast.com\/wordpress\/plugins\/seo\/ -->\n<title>M\u00fasica, arte y teatro este fin de semana en el Museo Violeta Parra - Museo Violeta Parra<\/title>\n<meta name=\"robots\" content=\"index, follow, max-snippet:-1, max-image-preview:large, max-video-preview:-1\" \/>\n<link rel=\"canonical\" href=\"http:\/\/vientosur.top\/museo\/musica-arte-y-teatro-este-fin-de-semana-en-el-museo-violeta-parra\/\" \/>\n<meta property=\"og:locale\" content=\"es_ES\" \/>\n<meta property=\"og:type\" content=\"article\" \/>\n<meta property=\"og:title\" content=\"M\u00fasica, arte y teatro este fin de semana en el Museo Violeta Parra - Museo Violeta Parra\" \/>\n<meta property=\"og:description\" content=\"La destacada cantante y compositora chilena, Francesca Ancarola, se presentar\u00e1 ambos d\u00edas en el auditorio Antar.\" \/>\n<meta property=\"og:url\" content=\"http:\/\/vientosur.top\/museo\/musica-arte-y-teatro-este-fin-de-semana-en-el-museo-violeta-parra\/\" \/>\n<meta property=\"og:site_name\" content=\"Museo Violeta Parra\" \/>\n<meta property=\"article:published_time\" content=\"2016-03-17T20:35:49+00:00\" \/>\n<meta property=\"og:image\" content=\"http:\/\/vientosur.top\/museo\/wp-content\/uploads\/2016\/03\/francesca-ancarola-grande.jpg\" \/>\n\t<meta property=\"og:image:width\" content=\"767\" \/>\n\t<meta property=\"og:image:height\" content=\"768\" \/>\n\t<meta property=\"og:image:type\" content=\"image\/jpeg\" \/>\n<meta name=\"author\" content=\"admin\" \/>\n<meta name=\"twitter:card\" content=\"summary_large_image\" \/>\n<meta name=\"twitter:label1\" content=\"Escrito por\" \/>\n\t<meta name=\"twitter:data1\" content=\"admin\" \/>\n\t<meta name=\"twitter:label2\" content=\"Tiempo de lectura\" \/>\n\t<meta name=\"twitter:data2\" content=\"2 minutos\" \/>\n<script type=\"application\/ld+json\" class=\"yoast-schema-graph\">{\"@context\":\"https:\/\/schema.org\",\"@graph\":[{\"@type\":\"WebPage\",\"@id\":\"http:\/\/vientosur.top\/museo\/musica-arte-y-teatro-este-fin-de-semana-en-el-museo-violeta-parra\/\",\"url\":\"http:\/\/vientosur.top\/museo\/musica-arte-y-teatro-este-fin-de-semana-en-el-museo-violeta-parra\/\",\"name\":\"M\u00fasica, arte y teatro este fin de semana en el Museo Violeta Parra - Museo Violeta Parra\",\"isPartOf\":{\"@id\":\"http:\/\/vientosur.top\/museo\/#website\"},\"primaryImageOfPage\":{\"@id\":\"http:\/\/vientosur.top\/museo\/musica-arte-y-teatro-este-fin-de-semana-en-el-museo-violeta-parra\/#primaryimage\"},\"image\":{\"@id\":\"http:\/\/vientosur.top\/museo\/musica-arte-y-teatro-este-fin-de-semana-en-el-museo-violeta-parra\/#primaryimage\"},\"thumbnailUrl\":\"http:\/\/vientosur.top\/museo\/wp-content\/uploads\/2016\/03\/francesca-ancarola-grande.jpg\",\"datePublished\":\"2016-03-17T20:35:49+00:00\",\"author\":{\"@id\":\"http:\/\/vientosur.top\/museo\/#\/schema\/person\/20c79d3c38800971feec8c2693c3dd9c\"},\"breadcrumb\":{\"@id\":\"http:\/\/vientosur.top\/museo\/musica-arte-y-teatro-este-fin-de-semana-en-el-museo-violeta-parra\/#breadcrumb\"},\"inLanguage\":\"es\",\"potentialAction\":[{\"@type\":\"ReadAction\",\"target\":[\"http:\/\/vientosur.top\/museo\/musica-arte-y-teatro-este-fin-de-semana-en-el-museo-violeta-parra\/\"]}]},{\"@type\":\"ImageObject\",\"inLanguage\":\"es\",\"@id\":\"http:\/\/vientosur.top\/museo\/musica-arte-y-teatro-este-fin-de-semana-en-el-museo-violeta-parra\/#primaryimage\",\"url\":\"http:\/\/vientosur.top\/museo\/wp-content\/uploads\/2016\/03\/francesca-ancarola-grande.jpg\",\"contentUrl\":\"http:\/\/vientosur.top\/museo\/wp-content\/uploads\/2016\/03\/francesca-ancarola-grande.jpg\",\"width\":767,\"height\":768},{\"@type\":\"BreadcrumbList\",\"@id\":\"http:\/\/vientosur.top\/museo\/musica-arte-y-teatro-este-fin-de-semana-en-el-museo-violeta-parra\/#breadcrumb\",\"itemListElement\":[{\"@type\":\"ListItem\",\"position\":1,\"name\":\"Portada\",\"item\":\"http:\/\/vientosur.top\/museo\/\"},{\"@type\":\"ListItem\",\"position\":2,\"name\":\"M\u00fasica, arte y teatro este fin de semana en el Museo Violeta Parra\"}]},{\"@type\":\"WebSite\",\"@id\":\"http:\/\/vientosur.top\/museo\/#website\",\"url\":\"http:\/\/vientosur.top\/museo\/\",\"name\":\"Museo Violeta Parra\",\"description\":\"Espacio que alberga tanto la memoria y legado creativo de la artista\",\"potentialAction\":[{\"@type\":\"SearchAction\",\"target\":{\"@type\":\"EntryPoint\",\"urlTemplate\":\"http:\/\/vientosur.top\/museo\/?s={search_term_string}\"},\"query-input\":{\"@type\":\"PropertyValueSpecification\",\"valueRequired\":true,\"valueName\":\"search_term_string\"}}],\"inLanguage\":\"es\"},{\"@type\":\"Person\",\"@id\":\"http:\/\/vientosur.top\/museo\/#\/schema\/person\/20c79d3c38800971feec8c2693c3dd9c\",\"name\":\"admin\",\"image\":{\"@type\":\"ImageObject\",\"inLanguage\":\"es\",\"@id\":\"http:\/\/vientosur.top\/museo\/#\/schema\/person\/image\/\",\"url\":\"https:\/\/secure.gravatar.com\/avatar\/713677ece3ffa642287213a80e5b773bce9ab81c269dd6d95102a990951c922f?s=96&d=mm&r=g\",\"contentUrl\":\"https:\/\/secure.gravatar.com\/avatar\/713677ece3ffa642287213a80e5b773bce9ab81c269dd6d95102a990951c922f?s=96&d=mm&r=g\",\"caption\":\"admin\"},\"sameAs\":[\"http:\/\/vientosur.top\/museo\"],\"url\":\"http:\/\/vientosur.top\/museo\/author\/comunicacionesmvp\/\"}]}<\/script>\n<!-- \/ Yoast SEO plugin. -->","yoast_head_json":{"title":"M\u00fasica, arte y teatro este fin de semana en el Museo Violeta Parra - Museo Violeta Parra","robots":{"index":"index","follow":"follow","max-snippet":"max-snippet:-1","max-image-preview":"max-image-preview:large","max-video-preview":"max-video-preview:-1"},"canonical":"http:\/\/vientosur.top\/museo\/musica-arte-y-teatro-este-fin-de-semana-en-el-museo-violeta-parra\/","og_locale":"es_ES","og_type":"article","og_title":"M\u00fasica, arte y teatro este fin de semana en el Museo Violeta Parra - Museo Violeta Parra","og_description":"La destacada cantante y compositora chilena, Francesca Ancarola, se presentar\u00e1 ambos d\u00edas en el auditorio Antar.","og_url":"http:\/\/vientosur.top\/museo\/musica-arte-y-teatro-este-fin-de-semana-en-el-museo-violeta-parra\/","og_site_name":"Museo Violeta Parra","article_published_time":"2016-03-17T20:35:49+00:00","og_image":[{"width":767,"height":768,"url":"http:\/\/vientosur.top\/museo\/wp-content\/uploads\/2016\/03\/francesca-ancarola-grande.jpg","type":"image\/jpeg"}],"author":"admin","twitter_card":"summary_large_image","twitter_misc":{"Escrito por":"admin","Tiempo de lectura":"2 minutos"},"schema":{"@context":"https:\/\/schema.org","@graph":[{"@type":"WebPage","@id":"http:\/\/vientosur.top\/museo\/musica-arte-y-teatro-este-fin-de-semana-en-el-museo-violeta-parra\/","url":"http:\/\/vientosur.top\/museo\/musica-arte-y-teatro-este-fin-de-semana-en-el-museo-violeta-parra\/","name":"M\u00fasica, arte y teatro este fin de semana en el Museo Violeta Parra - Museo Violeta Parra","isPartOf":{"@id":"http:\/\/vientosur.top\/museo\/#website"},"primaryImageOfPage":{"@id":"http:\/\/vientosur.top\/museo\/musica-arte-y-teatro-este-fin-de-semana-en-el-museo-violeta-parra\/#primaryimage"},"image":{"@id":"http:\/\/vientosur.top\/museo\/musica-arte-y-teatro-este-fin-de-semana-en-el-museo-violeta-parra\/#primaryimage"},"thumbnailUrl":"http:\/\/vientosur.top\/museo\/wp-content\/uploads\/2016\/03\/francesca-ancarola-grande.jpg","datePublished":"2016-03-17T20:35:49+00:00","author":{"@id":"http:\/\/vientosur.top\/museo\/#\/schema\/person\/20c79d3c38800971feec8c2693c3dd9c"},"breadcrumb":{"@id":"http:\/\/vientosur.top\/museo\/musica-arte-y-teatro-este-fin-de-semana-en-el-museo-violeta-parra\/#breadcrumb"},"inLanguage":"es","potentialAction":[{"@type":"ReadAction","target":["http:\/\/vientosur.top\/museo\/musica-arte-y-teatro-este-fin-de-semana-en-el-museo-violeta-parra\/"]}]},{"@type":"ImageObject","inLanguage":"es","@id":"http:\/\/vientosur.top\/museo\/musica-arte-y-teatro-este-fin-de-semana-en-el-museo-violeta-parra\/#primaryimage","url":"http:\/\/vientosur.top\/museo\/wp-content\/uploads\/2016\/03\/francesca-ancarola-grande.jpg","contentUrl":"http:\/\/vientosur.top\/museo\/wp-content\/uploads\/2016\/03\/francesca-ancarola-grande.jpg","width":767,"height":768},{"@type":"BreadcrumbList","@id":"http:\/\/vientosur.top\/museo\/musica-arte-y-teatro-este-fin-de-semana-en-el-museo-violeta-parra\/#breadcrumb","itemListElement":[{"@type":"ListItem","position":1,"name":"Portada","item":"http:\/\/vientosur.top\/museo\/"},{"@type":"ListItem","position":2,"name":"M\u00fasica, arte y teatro este fin de semana en el Museo Violeta Parra"}]},{"@type":"WebSite","@id":"http:\/\/vientosur.top\/museo\/#website","url":"http:\/\/vientosur.top\/museo\/","name":"Museo Violeta Parra","description":"Espacio que alberga tanto la memoria y legado creativo de la artista","potentialAction":[{"@type":"SearchAction","target":{"@type":"EntryPoint","urlTemplate":"http:\/\/vientosur.top\/museo\/?s={search_term_string}"},"query-input":{"@type":"PropertyValueSpecification","valueRequired":true,"valueName":"search_term_string"}}],"inLanguage":"es"},{"@type":"Person","@id":"http:\/\/vientosur.top\/museo\/#\/schema\/person\/20c79d3c38800971feec8c2693c3dd9c","name":"admin","image":{"@type":"ImageObject","inLanguage":"es","@id":"http:\/\/vientosur.top\/museo\/#\/schema\/person\/image\/","url":"https:\/\/secure.gravatar.com\/avatar\/713677ece3ffa642287213a80e5b773bce9ab81c269dd6d95102a990951c922f?s=96&d=mm&r=g","contentUrl":"https:\/\/secure.gravatar.com\/avatar\/713677ece3ffa642287213a80e5b773bce9ab81c269dd6d95102a990951c922f?s=96&d=mm&r=g","caption":"admin"},"sameAs":["http:\/\/vientosur.top\/museo"],"url":"http:\/\/vientosur.top\/museo\/author\/comunicacionesmvp\/"}]}},"_links":{"self":[{"href":"http:\/\/vientosur.top\/museo\/wp-json\/wp\/v2\/posts\/927","targetHints":{"allow":["GET"]}}],"collection":[{"href":"http:\/\/vientosur.top\/museo\/wp-json\/wp\/v2\/posts"}],"about":[{"href":"http:\/\/vientosur.top\/museo\/wp-json\/wp\/v2\/types\/post"}],"author":[{"embeddable":true,"href":"http:\/\/vientosur.top\/museo\/wp-json\/wp\/v2\/users\/5"}],"replies":[{"embeddable":true,"href":"http:\/\/vientosur.top\/museo\/wp-json\/wp\/v2\/comments?post=927"}],"version-history":[{"count":0,"href":"http:\/\/vientosur.top\/museo\/wp-json\/wp\/v2\/posts\/927\/revisions"}],"wp:featuredmedia":[{"embeddable":true,"href":"http:\/\/vientosur.top\/museo\/wp-json\/wp\/v2\/media\/938"}],"wp:attachment":[{"href":"http:\/\/vientosur.top\/museo\/wp-json\/wp\/v2\/media?parent=927"}],"wp:term":[{"taxonomy":"category","embeddable":true,"href":"http:\/\/vientosur.top\/museo\/wp-json\/wp\/v2\/categories?post=927"},{"taxonomy":"post_tag","embeddable":true,"href":"http:\/\/vientosur.top\/museo\/wp-json\/wp\/v2\/tags?post=927"}],"curies":[{"name":"wp","href":"https:\/\/api.w.org\/{rel}","templated":true}]}}