{"id":9399,"date":"2017-12-29T10:27:15","date_gmt":"2017-12-29T15:27:15","guid":{"rendered":"http:\/\/vientosur.top\/museo\/?p=9399"},"modified":"2017-12-29T10:27:15","modified_gmt":"2017-12-29T15:27:15","slug":"museo-violeta-parra-destaca-lo-mejor-2017-la-celebracion-los-100-anos-la-artista-copo-la-agenda-cultural","status":"publish","type":"post","link":"http:\/\/vientosur.top\/museo\/museo-violeta-parra-destaca-lo-mejor-2017-la-celebracion-los-100-anos-la-artista-copo-la-agenda-cultural\/","title":{"rendered":"Museo Violeta Parra destaca lo mejor de 2017, en que la celebraci\u00f3n de los 100 a\u00f1os de la artista cop\u00f3 la agenda cultural"},"content":{"rendered":"<p><em>Sin duda que los festejos y homenajes que se sucedieron tanto en Chile como el extranjero consolidaron a Violeta Parra como una de las creadoras m\u00e1s emblem\u00e1ticas e influyentes del pa\u00eds. Si bien el mandato presidencial de celebrarla le dio mayor visibilidad, s\u00f3lo el arraigo que Violeta tiene en las distintas generaciones explica el \u00e9xito pocas veces visto de la convocatoria.<\/em><\/p>\n<p>El Museo Violeta Parra convoc\u00f3 a un jurado compuesto por Isabel Parra (Fundaci\u00f3n Violeta Parra e hija de la artista), Mar\u00eda Loreto Araya (Consejo Nacional de la Cultura y las Artes), P\u00eda Figueroa (Direcci\u00f3n de Asuntos Culturales del Ministerio de Relaciones Exteriores), Cecilia Garc\u00eda-Huidobro y Nicol\u00e1s Rojas (Museo Violeta Parra) a revisar las propuestas que m\u00e1s descollaron en Chile y el extranjero. Contribuyeron tambi\u00e9n el Ministro de Cultura Ernesto Ottone; \u00c1ngel Cabeza, Director de la DIBAM; Jaime de Aguirre, Director Ejecutivo de TVN y Ezio Mosciatti, Editor de Cultura de Radio Bio Bio. Cada uno resalt\u00f3 alg\u00fan aspecto que le pareci\u00f3 m\u00e1s destacable, resultando as\u00ed un interesante ranking.<\/p>\n<p>Cecilia Garc\u00eda-Huidobro, Directora del Museo Violeta Parra, se\u00f1al\u00f3 como gran hito \u201cla consolidaci\u00f3n del museo que la gente sinti\u00f3 como la casa de Violeta. Aqu\u00ed hago especial menci\u00f3n a sus hijos \u00c1ngel e Isabel, benefactores e impulsores del proyecto. Sin ellos, no existir\u00eda. Durante los festejos de los 100 a\u00f1os hubo de lamentarse la partida de \u00c1ngel, dejando un reguero de recuerdos, admiraci\u00f3n y cari\u00f1o. Sin embargo, la tristeza de su ausencia fue presencia\u201d.<\/p>\n<p>Dada la gran cantidad de informaci\u00f3n, y partiendo del postulado de que era imposible abordar en detalle a la totalidad de homenajes y acciones culturales, se dividieron las nominaciones en las siguientes categor\u00edas:<\/p>\n<p>&nbsp;<\/p>\n<p><a href=\"http:\/\/vientosur.top\/museo\/wp-content\/uploads\/2018\/01\/1-1-1024x683.jpg\"><img fetchpriority=\"high\" decoding=\"async\" class=\"size-large wp-image-9402 aligncenter\" src=\"http:\/\/vientosur.top\/museo\/wp-content\/uploads\/2018\/01\/1-1-1024x683-1024x683.jpg\" alt=\"\" width=\"840\" height=\"560\" \/><\/a><\/p>\n<p>&nbsp;<\/p>\n<h4>Mejor\u00a0homenaje internacional<br \/>\n\u201cConcierto Sinf\u00f3nico Violeta Parra 100 A\u00f1os\u201d<\/h4>\n<p>\u00c1ngel y Javiera Parra en el Teatro Col\u00f3n<\/p>\n<p>Orquesta Estable del Teatro Col\u00f3n de Buenos Aires con artistas invitados: Sandra Mihanovich, Soledad Pastorutti, Camila Moreno, Kevin Johansen, Roberto M\u00e1rquez, Beto Cuevas y Gepe.<\/p>\n<p>Por unanimidad, se consider\u00f3 que el concierto-homenaje del Teatro Col\u00f3n de Buenos Aires fue lo m\u00e1s relevante en t\u00e9rminos de impacto y repercusi\u00f3n, ya que fue trasmitido en directo por la TV P\u00fablica Argentina y luego por TVN. Cont\u00f3 por la presencia de S.E. la Presidenta Michelle Bachelet e Isabel Parra.<\/p>\n<p>\u201cTuvimos el honor\u00a0\u00a0de\u00a0emitir dos conciertos por las pantallas\u00a0de\u00a0TVN, en julio el Concierto Sinf\u00f3nico que se realiz\u00f3 en el Teatro Col\u00f3n\u00a0de\u00a0Buenos Aires y en octubre, desde Talca, \u201cLa Exiliada del Sur: Inti Illimani, los pasos de\u00a0Violeta Parra\u201d. A trav\u00e9s\u00a0de\u00a0las pantallas\u00a0de\u00a0nuestro canal pudimos hacer masiva la experiencia\u00a0de\u00a0estos encuentros que celebraron a Violeta con lo que m\u00e1s la caracteriza: su m\u00fasica\u201d, se\u00f1ala Jaime de Aguirre, Director Ejecutivo de TVN.<\/p>\n<p>Los homenajes brillaron en casi todos los pa\u00edses. Por ejemplo, los gobiernos de Honduras y Brasil realizaron sellos postales conmemorativos por los 100 a\u00f1os de Violeta Parra.<\/p>\n<p>En Francia se realizaron homenajes en el Th\u00e9\u00e2tre de la Ville; \u00a0en Lisboa, en su calidad de Capital Cultural Iberoamericana, se realiz\u00f3 su propio tributo; en Suiza se inaugur\u00f3 un monumento dedicado a la artista, en Alemania se tradujeron sus d\u00e9cimas autobiogr\u00e1ficas, en M\u00e9xico el pabell\u00f3n de Chile dedicado a Violeta Parra gan\u00f3 el premio al mejor stand en la Feria Internacional del Libro de Guadalajara, \u00a0la Organizaci\u00f3n de Estados Americanos realiz\u00f3 un homenaje en su consejo general; hubo un\u00a0 concierto a su memoria en Atenas, un desfile en el Carnaval de las Culturas de Berl\u00edn; adem\u00e1s de cientos de actos realizados por la comunidad de chilenos en el exterior que \u00a0dan cuenta de la variedad y cantidad de actos internacionales.<\/p>\n<p>&nbsp;<\/p>\n<p><a href=\"http:\/\/vientosur.top\/museo\/wp-content\/uploads\/2018\/01\/3-1024x381.png\"><img decoding=\"async\" class=\"size-large wp-image-9403 aligncenter\" src=\"http:\/\/vientosur.top\/museo\/wp-content\/uploads\/2018\/01\/3-1024x381-1024x381.png\" alt=\"\" width=\"840\" height=\"313\" \/><\/a><\/p>\n<p>&nbsp;<\/p>\n<h4><strong>Mejor\u00a0homenaje municipal<br \/>\nCoelemu<\/strong><\/h4>\n<p>El jurado destac\u00f3 el acto realizado el 24 de octubre por la Red de Bibliotecas Municipales de Coelemu en la Plaza de Armas de la comuna. Danza, m\u00fasica, creaci\u00f3n audiovisual, artesan\u00eda, artes visuales, dise\u00f1o gr\u00e1fico, fotograf\u00eda y literatura confluyeron esa tarde con una participaci\u00f3n transversal de la comunidad.<\/p>\n<p>Destacamos tambi\u00e9n los actos realizados por la Biblioteca Municipal de Conchal\u00ed, la Municipalidad de Ancud, la Orquesta Sinf\u00f3nica de la U. de La Serena, la Biblioteca P\u00fablica Municipal de Penco, el \u00a0Ballet Folkl\u00f3rico de la Universidad de Tarapac\u00e1, el Teatro Municipal de Calama, el homenaje del Municipio de Maip\u00fa \u00a0y la \u00a0Orquesta de C\u00e1mara de la Corporaci\u00f3n Cultural\u00a0de Tocopilla, entre cientos de otras actividades.<\/p>\n<p>&nbsp;<\/p>\n<p><a href=\"http:\/\/vientosur.top\/museo\/wp-content\/uploads\/2018\/01\/4-2.jpg\"><img decoding=\"async\" class=\"wp-image-9404 size-large aligncenter\" src=\"http:\/\/vientosur.top\/museo\/wp-content\/uploads\/2018\/01\/4-2-1024x681.jpg\" alt=\"\" width=\"840\" height=\"559\" \/><\/a><\/p>\n<p>&nbsp;<\/p>\n<h4>Mejor homenaje comunitario<br \/>\nMural en crin de Rari<\/h4>\n<p>El mural \u201cDe artesana a artesana\u201d, dise\u00f1ado y ejecutado por las artesanas de crin de Rari, se consider\u00f3 acreedor del primer lugar. Durante cuatro meses -y trabajando la semana corrida con turnos de noche- las mujeres de la Regi\u00f3n del Maule se unieron por primera vez para crear una obra colectiva que homenajeara a Violeta Parra, la que se exhibi\u00f3 en el museo.<\/p>\n<p>Miles de agrupaciones y comit\u00e9s, a lo largo del pa\u00eds, llevaron a cabo notables homenajes, tales como \u201cCoraz\u00f3n Violeta\u201d en \u00a0Rengo, el Homenaje Canto Mayor de Algarrobo, el desfile de carros aleg\u00f3ricos de \u201cSantiago es M\u00edo\u201d, los Coros Ciudadanos del CNCA en todo Chile, el proyecto de murales \u201cCanciones que se pintan\u201d del Museo Violeta Parra, la arpillera m\u00e1s grande del mundo bordada en Temuco, los conciertos de los ensambles de Telet\u00f3n y CEDIP de Quillota en el auditorio del museo, el proyecto \u201cNavegando con Violeta\u201d de Ays\u00e9n, el Encuentro de Guitarristas de la Patagonia, el Encuentro Internacional de Coros y Grupos Vocales dedicado a Violeta Parra en Vi\u00f1a del Mar y\u00a0 los proyectos financiados por la l\u00ednea Violeta Parra para FONDART 2016 son algunas de las actividades que tuvieron menci\u00f3n.<\/p>\n<p>&nbsp;<\/p>\n<p><a href=\"http:\/\/vientosur.top\/museo\/wp-content\/uploads\/2018\/01\/5-1024x682.jpg\"><img loading=\"lazy\" decoding=\"async\" class=\"size-large wp-image-9407 aligncenter\" src=\"http:\/\/vientosur.top\/museo\/wp-content\/uploads\/2018\/01\/5-1024x682-1024x682.jpg\" alt=\"\" width=\"840\" height=\"559\" \/><\/a><\/p>\n<p>&nbsp;<\/p>\n<h4><strong>Mejor\u00a0homenaje escolar<\/strong><\/h4>\n<p>La entrega de este premio es simb\u00f3lica, pues son miles los homenajes de establecimientos que se han recibido y todos dan cuenta del gran trabajo, cari\u00f1o y dedicaci\u00f3n que le pusieron. Destacamos la presentaci\u00f3n realizada por el Colegio Violeta Fuentes Carvajal de Quinta de Tilcoco, que cont\u00f3 con m\u00fasica, danza y una muy bien lograda reproducci\u00f3n de la arpillera \u201cHombre con guitarra\u201d.<\/p>\n<p>En la Regi\u00f3n Metropolitana el jurado destac\u00f3 al Colegio Jos\u00e9 Abelardo N\u00fa\u00f1ez de Puente Alto y su \u201cPe\u00f1a de los Parra\u201d; como tambi\u00e9n al tributo musical de los estudiantes del Colegio San Luis Beltr\u00e1n de Pudahuel y del Colegio Hugo Pino Vilches de Paine. En regiones mencionamos a la Escuela Punta de Parra de Tom\u00e9 y al masivo acto realizado por diversos colegios llamado \u201cVioleta Parra, Hualqui te saluda\u201d.<\/p>\n<p>No s\u00f3lo en nuestro pa\u00eds hubo tributos escolares. En la Escuela Rep\u00fablica de Chile de Buenos Aires se realiz\u00f3 un homenaje que cont\u00f3 con la participaci\u00f3n de la Presidenta Michelle Bachelet; Isabel Parra y Cecilia Garc\u00eda-Huidobro, Directora del Museo Violeta Parra.<\/p>\n<p>&nbsp;<\/p>\n<p><a href=\"http:\/\/vientosur.top\/museo\/wp-content\/uploads\/2018\/01\/7.jpg\"><img loading=\"lazy\" decoding=\"async\" class=\"size-large wp-image-9409 aligncenter\" src=\"http:\/\/vientosur.top\/museo\/wp-content\/uploads\/2018\/01\/7-1024x788.jpg\" alt=\"\" width=\"840\" height=\"646\" \/><\/a><\/p>\n<p>&nbsp;<\/p>\n<h4><strong>Mejor\u00a0proyecto educativo<br \/>\n\u201cCuaderno pedag\u00f3gico\u201d<\/strong><\/h4>\n<p>Aqu\u00ed hubo claridad con el\u00a0<a href=\"http:\/\/www.violetaparra100.cl\/cuaderno-pedagogico-violeta-parra\/\">\u201cCuaderno pedag\u00f3gico de Violeta Parra\u201d<\/a>, editado por el Consejo Nacional de la Cultura y las Artes junto a la Fundaci\u00f3n Violeta Parra, que se reparti\u00f3 a todas las escuelas de Chile, con un material rico en informaci\u00f3n e iconograf\u00eda.<\/p>\n<p>Tambi\u00e9n recibieron destacadas menciones la Sala La Jardinera, inaugurada por la Presidenta Michelle Bachelet el 4 de octubre en el museo y el proyecto itinerante, tambi\u00e9n del museo, \u201cLa Maleta de Violeta\u201d, que ha visitado seis regiones de Chile en un a\u00f1o, adem\u00e1s de hogares de menores, escuelas rurales, c\u00e1rceles y decenas de establecimientos escolares.<\/p>\n<p>&nbsp;<\/p>\n<p><a href=\"http:\/\/vientosur.top\/museo\/wp-content\/uploads\/2018\/01\/8-729x1024.jpg\"><img loading=\"lazy\" decoding=\"async\" class=\"size-large wp-image-9410 aligncenter\" src=\"http:\/\/vientosur.top\/museo\/wp-content\/uploads\/2018\/01\/8-729x1024-729x1024.jpg\" alt=\"\" width=\"729\" height=\"1024\" \/><\/a><\/p>\n<p>&nbsp;<\/p>\n<h4><strong>Mejor\u00a0concurso<br \/>\nAFICHILE<\/strong><\/h4>\n<p>La repercusi\u00f3n y participaci\u00f3n transversal, incluso internacional, hizo que el concurso AFICHILE resultara ganador en esta categor\u00eda. Se recibieron m\u00e1s de 600 trabajos en esta convocatoria para elegir al afiche oficial por el centenario de Violeta. El primer premio fue otorgado al dise\u00f1ador Cristi\u00e1n Garrido, con un trabajo definido por el jurado como \u201cuna propuesta muy distintiva, contempor\u00e1nea y fresca\u201d.<\/p>\n<p>Recibieron menci\u00f3n cert\u00e1menes como \u00a0\u201cCartas para Violeta\u201d, organizado por la Universidad Cat\u00f3lica Cardenal Ra\u00fal Silva Henr\u00edquez; \u201cUna joya para Violeta\u201d, que convoc\u00f3 a 37 artesanos de la Regi\u00f3n Metropolitana; la convocatoria p\u00fablica para escoger las canciones del\u00a0<a href=\"http:\/\/www.violetaparra100.cl\/cancionero\/\">\u201cCancionero popular\u201d<\/a>, el Concurso\u00a0<em>Historias de Nuestra Tierra<\/em>\u00a0que instaur\u00f3 el Premio Violeta Parra a la Poes\u00eda del Mundo Rural, organizado por FUCOA; adem\u00e1s del Concurso de D\u00e9cimas de Ciencias \u201cVioleta Investigadora\u201d, organizado por la Asociaci\u00f3n Chilena de Periodistas Cient\u00edficos.<\/p>\n<p>&nbsp;<\/p>\n<h4><a href=\"http:\/\/vientosur.top\/museo\/wp-content\/uploads\/2018\/01\/9.jpg\"><img loading=\"lazy\" decoding=\"async\" class=\"size-full wp-image-9411 aligncenter\" src=\"http:\/\/vientosur.top\/museo\/wp-content\/uploads\/2018\/01\/9.jpg\" alt=\"\" width=\"450\" height=\"450\" \/><\/a><\/h4>\n<p>&nbsp;<\/p>\n<h4><strong>Mejor\u00a0proyecto musical<br \/>\n\u201cEl canto de todos\u201d<\/strong><\/h4>\n<p><strong><br \/>\n<\/strong>Tributo de Inti Illimani con artistas invitados (Isabel Parra, Silvio Rodr\u00edguez, Joan Manuel Serrat, Tita Parra, Mon Laferte, Pablo Milan\u00e9s, entre otros)<\/p>\n<p>El comit\u00e9 destac\u00f3 este trabajo de Inti Illimani por convocar a diversas figuras de renombre internacional en torno a los 100 a\u00f1os de Violeta en un trabajo delicado y de excelencia. La agrupaci\u00f3n adem\u00e1s destac\u00f3 por su gira \u201cLa exiliada del sur\u201d, que recorri\u00f3 las ciudades mencionadas en la emblem\u00e1tica canci\u00f3n.<\/p>\n<p>Fue una dif\u00edcil elecci\u00f3n. El jurado deliber\u00f3 entre diversas iniciativas, tales como el disco \u201cLas \u00daltimas Composiciones de Violeta Parra\u201d, editado por \u00c1ngel y Javiera Parra; la canci\u00f3n \u201cDe nombre Violeta\u201d, realizada por Manuel Garc\u00eda y \u201cLa m\u00e1s Violeta\u201d, escrita por la cantautora Cristina \u00a0\u00a0Narea; adem\u00e1s de la placa \u201cYo soy la feliz Violeta\u201d, tributo presentado por Tita Parra y su banda; adem\u00e1s de diversas interpretaciones de las canciones de Violeta lanzadas este a\u00f1o por diversos m\u00fasicos.<\/p>\n<p>&nbsp;<\/p>\n<h4><a href=\"http:\/\/vientosur.top\/museo\/wp-content\/uploads\/2018\/01\/10.jpg\"><img loading=\"lazy\" decoding=\"async\" class=\"size-full wp-image-9412 aligncenter\" src=\"http:\/\/vientosur.top\/museo\/wp-content\/uploads\/2018\/01\/10.jpg\" alt=\"\" width=\"900\" height=\"600\" \/><\/a><\/h4>\n<p>&nbsp;<\/p>\n<h4><strong>Mejor\u00a0exposici\u00f3n<br \/>\n<\/strong><strong>\u201cReleyendo a Violeta\u201d<\/strong><strong>\u00a0de la Universidad de Chile en el Centro Cultural Gabriela Mistral<br \/>\nCuradora: Nury Gonz\u00e1lez<\/strong><\/h4>\n<p>El comit\u00e9 destac\u00f3 la exhibici\u00f3n en la que se present\u00f3 la arpillera \u201cFauna\u201d, conservada por el Museo de Arte Popular Americano desde los a\u00f1os 70. Esta muestra doble propuso una revisi\u00f3n contempor\u00e1nea del trabajo de la artista, vinculando su legado con sus influencias a partir de las exposiciones \u201cAl hilo de Violeta\u201d y \u201cVioleta y la pintura instintiva\u201d. La muestra exhibi\u00f3 material documental de gran valor.<\/p>\n<p>El jurado destac\u00f3 la exposici\u00f3n \u201cLas estaciones de la Violeta\u201d, realizada por la artista textil Mar\u00eda Victoria Carvajal; \u201cVioleta y sus contempor\u00e1neas. Influencias y transferencias (1958-1967)\u201d, en el Museo de Artes y Artesan\u00edas de Linares y \u201cYo canto la diferencia\u201d, presentada en marzo en la galer\u00eda de cristal de la Biblioteca Nacional, que luego itiner\u00f3 por diversas regiones del pa\u00eds con gran \u00e9xito e impacto, especialmente en escolares.<\/p>\n<p>&nbsp;<\/p>\n<p><a href=\"http:\/\/vientosur.top\/museo\/wp-content\/uploads\/2018\/01\/11-1024x683.jpg\"><img loading=\"lazy\" decoding=\"async\" class=\"size-large wp-image-9413 aligncenter\" src=\"http:\/\/vientosur.top\/museo\/wp-content\/uploads\/2018\/01\/11-1024x683-1024x683.jpg\" alt=\"\" width=\"840\" height=\"560\" \/><\/a><\/p>\n<h5>Fotograf\u00eda por Natalia Espina (Consejo Nacional de la Cultura y las Artes)<\/h5>\n<p>\u201cComo Dibam una de las actividades m\u00e1s importantes fue la exposici\u00f3n \u201cYo canto la diferencia. Violeta Parra: 100 a\u00f1os\u201d que parti\u00f3 en la Biblioteca Nacional en marzo e itiner\u00f3 en Temuco, Curacaut\u00edn, Valpara\u00edso. Esta misma exposici\u00f3n se present\u00f3 en la Feria del Libro de Buenos Aires y estuvo asociada a un conversatorio sobre la obra y el legado de Violeta Parra. Con ello se dio cumplimiento a uno de los objetivos de la instituci\u00f3n de\u00a0mejorar y ampliar los servicios culturales y patrimoniales que otorga la Dibam lo largo de todo el pa\u00eds para ser puestos a disposici\u00f3n de la ciudadan\u00eda como \u00e1reas de reflexi\u00f3n, encuentro de la comunidad, informaci\u00f3n, esparcimiento y educaci\u00f3n\u201d, se\u00f1ala \u00c1ngel Cabeza, Director de Bibliotecas, Archivos y Museos, quien tambi\u00e9n destac\u00f3 el rol que jug\u00f3 el Museo Violeta Parra en las celebraciones.<\/p>\n<p>&nbsp;<\/p>\n<p><a href=\"http:\/\/vientosur.top\/museo\/wp-content\/uploads\/2018\/01\/12.jpg\"><img loading=\"lazy\" decoding=\"async\" class=\"size-large wp-image-9414 aligncenter\" src=\"http:\/\/vientosur.top\/museo\/wp-content\/uploads\/2018\/01\/12-681x1024.jpg\" alt=\"\" width=\"681\" height=\"1024\" \/><\/a><\/p>\n<p>&nbsp;<\/p>\n<h4><strong>Mejor publicaci\u00f3n<br \/>\n\u201cVioleta Parra en Concepci\u00f3n y en la frontera del BioB\u00edo: 1957-1960\u201d<\/strong><br \/>\nFernando Venegas Espinoza<\/h4>\n<p>\u201cDesde noviembre de 1957 hasta julio de 1958, Violeta Parra realizar\u00eda una fecunda labor al alero de la Universidad de Concepci\u00f3n (\u2026) Destaca la creaci\u00f3n del Museo de Arte Folkl\u00f3rico y la difusi\u00f3n del folklore que realiz\u00f3 en el marco de la IV Escuela de Verano, en la que ofreci\u00f3 diversos recitales adem\u00e1s de un exitoso curso de cueca, que cerr\u00f3 con varias presentaciones\u201d, consigna la contratapa del texto.<\/p>\n<p>&nbsp;<\/p>\n<p>\u201cYo pongo como primera opci\u00f3n \u2013y casi la \u00fanica\u2013 el que se hizo en Concepci\u00f3n, que abarca la vida creadora de Violeta Parra entre los a\u00f1os 1957-1960. La investigaci\u00f3n, publicada por la Universidad de Concepci\u00f3n, recupera para la memoria ese espacio de vida de Violeta que estaba perdido en la nada. Su autor Fernando Venegas Espinoza, con el grupo de historiadores que trabajaron en este tema, es el elegido por la Fundaci\u00f3n Violeta Parra como el mejor libro del a\u00f1o. Hay otros libros que se refieren a Violeta, pero ya conocidos, y que lo rearman un poquito, le lavan la cara, y lo presentan con algunos antecedentes nuevos; y otros, que son anecdotario, como el libro de V\u00edctor Herrero. Un c\u00famulo de anecdotarios que no aportan nada\u201d, se\u00f1ala Isabel Parra, Presidenta de la Fundaci\u00f3n Violeta Parra.<\/p>\n<p>Adem\u00e1s, el jurado destac\u00f3 los libros \u201cPoes\u00eda\u201d de Violeta Parra (2016), con la edici\u00f3n general de Ernesto Pfeiffer y Cristi\u00e1n Warnken; \u201cVioleta Parra en el Wallmapu\u201d, de Elisa Loncon, Paula Miranda y Allison Ramay; \u201cDespu\u00e9s de vivir un siglo\u201d, de V\u00edctor Herrero y \u201c<em>Violeta Parra<\/em>, Lieder aus Chile\u201d, editado por Manfred Engelbert. En publicaciones peri\u00f3dicas destaca la\u00a0<a href=\"https:\/\/issuu.com\/visionuniversitaria\/docs\/ru142_violeta_ok\">Revista Universitaria \u201cViola volc\u00e1nica\u201d<\/a>\u00a0(U. Cat\u00f3lica), la\u00a0<a href=\"http:\/\/revistaquinchamali.cl\/2017\/12\/10\/lanzan-revista-quinchamali-en-homenaje-a-violeta-parra\/\">edici\u00f3n especial de la Revista Quinchamal\u00ed<\/a>\u00a0(U. del B\u00edo B\u00edo).<\/p>\n<p>&nbsp;<\/p>\n<p><a href=\"http:\/\/vientosur.top\/museo\/wp-content\/uploads\/2018\/01\/13.jpg\"><img loading=\"lazy\" decoding=\"async\" class=\"size-large wp-image-9415 aligncenter\" src=\"http:\/\/vientosur.top\/museo\/wp-content\/uploads\/2018\/01\/13-1024x681.jpg\" alt=\"\" width=\"840\" height=\"559\" \/><\/a><\/p>\n<h5>La cantautora argentina Marina Luppi en \u201cLa Ruta de Violeta Parra\u201d.<\/h5>\n<p>&nbsp;<\/p>\n<p>&nbsp;<\/p>\n<h4><strong>Mejor itinerancia<br \/>\n\u201cLa Ruta de Violeta Parra\u201d<\/strong><\/h4>\n<p>Por su proyecci\u00f3n internacional y colaborativa, el jurado destac\u00f3 en esta categor\u00eda al proyecto \u201cLa Ruta de Violeta Parra\u201d, liderada por Tita Parra, que cuenta con sedes en Brasil, Argentina, Espa\u00f1a, Colombia, Ecuador, entre otros pa\u00edses. En Chile sus espacios principales son el Museo Violeta Parra y el Parque Cultural de Valpara\u00edso.<\/p>\n<p>\u201cLo que yo destaco es la receptividad que tiene, y c\u00f3mo es de \u00fatil a la hora de reunir personas, artistas, y el poder que se genera con tanta fuerza gracias a la uni\u00f3n y solidaridad. Adem\u00e1s es un proyecto para ser desarrollado en el interior, en pueblos y ciudades, para educar al p\u00fablico que tenga el placer y la alegr\u00eda de asistir a buenos conciertos de primer nivel y peque\u00f1os, sin gran parafernalia pero con buen sonido, escenario, en lugares bellos con artistas que tambi\u00e9n son anfitriones locales, m\u00e1s la participaci\u00f3n de otros artistas que pueden exponer en ferias, o en salas o en las placitas, o el hall externo de las salas, todo depende de cada lugar. All\u00ed, en el encuentro, la m\u00fasica y el arte, la cultura popular bajo el alero de Violeta\u00a0Parra, se logran canalizar muchas inquietudes de la gente y de los artistas. Hay simultaneidad y circuitos con recitales en diversas ciudades\u201d, se\u00f1ala Parra, nieta de Violeta y gestora de este proyecto.<\/p>\n<p>Tambi\u00e9n destaca la itinerancia de \u201cVioleta del alma\u201d, por el Ballet Antumapu; el \u201cCanto para una semilla\u201d por el Ballet Folcl\u00f3rico Nacional (BAFONA), la gira musical \u201cLa exiliada del sur\u201d por Inti Illimani, y la gira nacional con \u201cObras de Violeta Parra\u201d por Los Jaivas.<\/p>\n<p>\u201cPara m\u00ed, lo m\u00e1s interesante en la conmemoraci\u00f3n y celebraci\u00f3n del centenario del natalicio de Violeta Parra es lo que ha pasado en miles de colegios, lo que han realizado profesores de m\u00fasica, incluso en clases particulares. Lo que han hecho m\u00fasicos callejeros. Ese movimiento en la base, en lo cotidiano, espont\u00e1neo. En lo m\u00e1s formal destaco a Los Jaivas. La creaci\u00f3n que hicieron a principios de los 80 con temas de Violeta Parra es fiel a ella y al esp\u00edritu de ellos, y escucharla finalmente en vivo fue una experiencia inolvidable\u201d, comenta Ezio Mosciatti, editor de Cultura de Radio Bio Bio.<\/p>\n<p>&nbsp;<\/p>\n<p><a href=\"http:\/\/vientosur.top\/museo\/wp-content\/uploads\/2018\/01\/violeta-en-los-balcones-6-1024x683.jpg\"><img loading=\"lazy\" decoding=\"async\" class=\"size-large wp-image-9416 aligncenter\" src=\"http:\/\/vientosur.top\/museo\/wp-content\/uploads\/2018\/01\/violeta-en-los-balcones-6-1024x683-1024x683.jpg\" alt=\"\" width=\"840\" height=\"560\" \/><\/a><\/p>\n<h5><strong>Mejor espect\u00e1culo<br \/>\n\u201cVioleta en los balcones de La Moneda\u201d<\/strong><\/h5>\n<p>&nbsp;<\/p>\n<p>Esta impresionante actividad \u00a0cont\u00f3 con la participaci\u00f3n de la\u00a0 Isabel Parra, Tita Parra, Milena Rojas, Paz Binimelis, Gepe, \u00c1lvaro Henr\u00edquez y la Fundaci\u00f3n de Orquestas Juveniles e Infantiles (FOJI). Fue presidida por S.E. la Presidenta de la Rep\u00fablica, el Ministro Ernesto Ottone, \u00c1ngel Cabeza, Director DIBAM, y Cecilia Garc\u00eda-Huidobro, Directora del Museo Violeta Parra. Este espect\u00e1culo congreg\u00f3 a seis mil personas en la Plaza de la Constituci\u00f3n el viernes 13 de octubre.<\/p>\n<p>\u201cVioleta en los balcones sin duda fue uno de los hitos inolvidables de este a\u00f1o homenaje, no solo por la ciudadan\u00eda que se congreg\u00f3 en torno a Violeta en un espacio tan emblem\u00e1tico como La Moneda, sino porque adem\u00e1s esa instancia coron\u00f3 la promulgaci\u00f3n del Ministerio de las Culturas, las Artes y el Patrimonio. Pero al mismo tiempo quiero destacar que este a\u00f1o fue una suma de actividades que moviliz\u00f3 a la ciudadan\u00eda y entidades diversas, y tambi\u00e9n una iniciativa que marc\u00f3 un sello en las nuevas generaciones. Violeta lleg\u00f3 a m\u00faltiples escenas, a los jardines infantiles, a las salas de clases, a los barrios y a la academia,\u00a0 instal\u00e1ndose en el cotidiano de los chilenos y nutriendo nuestra identidad\u201d, se\u00f1ala Ernesto Ottone, Ministro de Cultura.<\/p>\n<p>Tambi\u00e9n destacaron el Festival REC (Rock en Conce) con su homenaje a Violeta, la obertura del Festival Internacional de la Canci\u00f3n de Vi\u00f1a del Mar, el Concierto \u201cMil cantoras para Violeta\u201d en la Plaza Sotomayor de Valpara\u00edso y la presentaci\u00f3n del \u201cCanto para una semilla\u201d en el Teatro Municipal de Santiago.<\/p>\n<p>&nbsp;<\/p>\n<p><a href=\"http:\/\/vientosur.top\/museo\/wp-content\/uploads\/2018\/01\/Frontis-Museo-1024x604-1.jpg\"><img loading=\"lazy\" decoding=\"async\" class=\"size-large wp-image-9417 aligncenter\" src=\"http:\/\/vientosur.top\/museo\/wp-content\/uploads\/2018\/01\/Frontis-Museo-1024x604-1-1024x604.jpg\" alt=\"\" width=\"840\" height=\"495\" \/><\/a><\/p>\n<h4><\/h4>\n<p>&nbsp;<\/p>\n<h4><strong>Mejor obra de arte contempor\u00e1nea<\/strong><br \/>\n<strong>Mural de Basco Vazko en el frontis del Museo Violeta Parra<\/strong><\/h4>\n<p>Como un homenaje a los 100 a\u00f1os de la creadora chilena, el destacado artista visual Basco Vazko realiz\u00f3 un colorido mural en el frontis del museo. Esta acci\u00f3n sum\u00f3 una obra de arte a la ciudad y, de paso, termin\u00f3 con el problema de los constantes rayados que sufr\u00eda la instituci\u00f3n en su entrada principal de Avenida Vicu\u00f1a Mackenna 37.<\/p>\n<p>&nbsp;<\/p>\n<p><a href=\"http:\/\/vientosur.top\/museo\/wp-content\/uploads\/2018\/01\/16-1024x682.jpg\"><img loading=\"lazy\" decoding=\"async\" class=\"size-large wp-image-9418 aligncenter\" src=\"http:\/\/vientosur.top\/museo\/wp-content\/uploads\/2018\/01\/16-1024x682-1024x682.jpg\" alt=\"\" width=\"840\" height=\"559\" \/><\/a><\/p>\n<p>&nbsp;<\/p>\n<h4><strong>Mejor\u00a0encuentro acad\u00e9mico<br \/>\nColoquio Internacional Violeta Parra<\/strong><\/h4>\n<p>El comit\u00e9 eligi\u00f3 al coloquio, desarrollado en el Centro GAM los d\u00edas 30 y 31 de agosto, en el que se congregaron m\u00e1s de 40 personalidades de Chile y el extranjero que prepararon ponencias acerca de la vida y obra de la artista. Interesantes debates y nuevos enfoques y datos in\u00e9ditos nutrieron el encuentro. La conferencia de Ra\u00fal Zurita emocion\u00f3 a todos los presentes.<\/p>\n<p>Adem\u00e1s, destacaron las \u201cAntijorn\u00e1dicas\u201d, realizadas en el marco de la C\u00e1tedra Violeta Parra de la Universidad de Concepci\u00f3n, y el Primer Encuentro de Pr\u00e1cticas Curatoriales del Museo Violeta Parra.<\/p>\n<p>&nbsp;<\/p>\n<p><a href=\"http:\/\/vientosur.top\/museo\/wp-content\/uploads\/2018\/01\/17.jpg\"><img loading=\"lazy\" decoding=\"async\" class=\"size-full wp-image-9419 aligncenter\" src=\"http:\/\/vientosur.top\/museo\/wp-content\/uploads\/2018\/01\/17.jpg\" alt=\"\" width=\"924\" height=\"530\" \/><\/a><\/p>\n<p>&nbsp;<\/p>\n<h4><strong>Mejor homenaje digital<br \/>\nDoodle de Violeta Parra\u00a0 (Google)<\/strong><\/h4>\n<p>Aqu\u00ed no hubo dudas: los cibernautas tempraneros empezaron a enviar miles de tweets con el doodle que, de manera discreta, trabajaron durante todo el a\u00f1o el Museo Violeta Parra y Google. La artista francesa\u00a0<strong>H\u00e9l\u00e8ne Leroux<\/strong>, encargada de realizar esta pieza, se\u00f1al\u00f3: \u201cFue un inmenso honor haber podido trabajar en el doodle de alguien que ha inspirado a tanta gente, no s\u00f3lo en Chile sino que tambi\u00e9n en todo el mundo\u201d.<\/p>\n<p>&nbsp;<\/p>\n<p><a href=\"http:\/\/vientosur.top\/museo\/wp-content\/uploads\/2018\/01\/18-1024x682.jpg\"><img loading=\"lazy\" decoding=\"async\" class=\"size-large wp-image-9420 aligncenter\" src=\"http:\/\/vientosur.top\/museo\/wp-content\/uploads\/2018\/01\/18-1024x682-1024x682.jpg\" alt=\"\" width=\"840\" height=\"559\" \/><\/a><\/p>\n<h4><\/h4>\n<p>&nbsp;<\/p>\n<h4><strong>Mejor obra teatral<br \/>\n\u201cPaloma Ausente, una \u00f3brica callej\u00e9rica para las m\u00e1sicas\u201d de La Patogallina<\/strong><\/h4>\n<p><strong><br \/>\n<\/strong>Escrita por Carla Z\u00fa\u00f1iga y Mart\u00edn Erazo<br \/>\nDirigida por Mart\u00edn Erazo<\/p>\n<p>Este espect\u00e1culo callejero masivo se sumerge en todas las dimensiones de Violeta Parra, rescatando su esp\u00edritu en los m\u00faltiples roles sociales tales como la recopiladora, la madre, la cantante, la guitarrista, la artista visual, entre otros.\u00a0El jurado destac\u00f3 la creatividad en las formas de representaci\u00f3n de la vida y obra de Violeta y la vocaci\u00f3n descentralizadora que caracteriz\u00f3 sus presentaciones en Curic\u00f3, Santiago, Punta Arenas y Chilo\u00e9.<\/p>\n<p>En esta categor\u00eda destacamos: \u201cVioleta Parra: Al centro de la injusticia\u201d (dramaturgia de Teatro La Provincia, dirigida por Rodrigo P\u00e9rez), obra pionera que se ha presentado en diversas temporadas con gran \u00e9xito de p\u00fablico; \u201cEn fuga no hay despedida\u201d (escrita por Luis Barrales y dirigida por Trinidad Gonz\u00e1lez), \u201cAyud\u00e1ndole a sentir\u201d (escrita por Manuela Infante y dirigida por Juan Pablo Peragallo, el montaje infantil \u201cLa Violeta quiere ser canci\u00f3n\u201d (compa\u00f1\u00eda\u00a0 La Dominga, dirigida por Gonzalo Sep\u00falveda) y la obra en lengua de se\u00f1as \u201cVioleta, su historia en otra voz\u201d\u00a0(dirigida por Lorena Carvajal).<\/p>\n<p>&nbsp;<\/p>\n<p><a href=\"http:\/\/vientosur.top\/museo\/wp-content\/uploads\/2018\/01\/19.jpg\"><img loading=\"lazy\" decoding=\"async\" class=\"size-full wp-image-9421 aligncenter\" src=\"http:\/\/vientosur.top\/museo\/wp-content\/uploads\/2018\/01\/19.jpg\" alt=\"\" width=\"858\" height=\"627\" \/><\/a><\/p>\n<p>&nbsp;<\/p>\n<h4><strong>Mejor art\u00edculo period\u00edstico<br \/>\nLas obras que se suman al acervo del Museo Violeta Parra<\/strong><\/h4>\n<p>Diario La Tercera<\/p>\n<p>Se escribieron cientos de art\u00edculos, quiz\u00e1s miles, en Chile y el mundo. Se destac\u00f3 la investigaci\u00f3n de Cristina Jurado en la Revista YA del Mercurio y el especial de Revista Qu\u00e9 Pasa sobre la artista que fue un gran esfuerzo editorial. Se eligi\u00f3 el art\u00edculo del Diario La Tercera por el hecho de promover con excelente nivel la filantrop\u00eda y resaltar la importancia del incremento de las colecciones de museos.<\/p>\n<p>&nbsp;<\/p>\n<div class=\"ast-oembed-container \" style=\"height: 100%;\"><iframe title=\"Spot Museo Violeta Parra - TVN\" width=\"500\" height=\"281\" src=\"https:\/\/www.youtube.com\/embed\/S7AIQLk8kA4?feature=oembed\" frameborder=\"0\" allow=\"accelerometer; autoplay; clipboard-write; encrypted-media; gyroscope; picture-in-picture; web-share\" referrerpolicy=\"strict-origin-when-cross-origin\" allowfullscreen><\/iframe><\/div>\n<p>&nbsp;<\/p>\n<h4><strong>Mejor campa\u00f1a<br \/>\n\u201cEn los 100 a\u00f1os de Violeta Parra, TVN te invita a su casa\u201d<\/strong><\/h4>\n<p>TVN<\/p>\n<p>La gran difusi\u00f3n del canal p\u00fablico al Museo Violeta Parra en todos los horarios lo hizo acreedor del primer lugar sin competencia. \u00a0\u201cAgradezco \u00a0sinceramente el rol del Museo Violeta Parra que abri\u00f3 sus puertas durante todo el a\u00f1o con actividades especiales y que permitieron en el medio\u00a0de\u00a0la ciudad tener este espacio para descubrir a \u00a0nuestra Violeta. Tambi\u00e9n agradezco haber sido parte\u00a0de\u00a0las celebraciones junto al Museo bajo el concepto \u201cEn los 100 a\u00f1os\u00a0de\u00a0Violeta Parra TVN te invita a su casa\u201d, porque pudimos hacer masiva la convocatoria a descubrir o redescubrir a esta tremenda artista que es parte del alma\u00a0de\u00a0Chile\u201d, indica Jaime de Aguirre, Director Ejecutivo de TVN.<\/p>\n<p>&nbsp;<\/p>\n<div class=\"ast-oembed-container \" style=\"height: 100%;\"><iframe title=\"Trailer Violeta M\u00e1s Viva que Nunca\" width=\"500\" height=\"281\" src=\"https:\/\/www.youtube.com\/embed\/8hRF6YezTYY?feature=oembed\" frameborder=\"0\" allow=\"accelerometer; autoplay; clipboard-write; encrypted-media; gyroscope; picture-in-picture; web-share\" referrerpolicy=\"strict-origin-when-cross-origin\" allowfullscreen><\/iframe><\/div>\n<p>&nbsp;<\/p>\n<h4><strong>Mejor documental<br \/>\n\u201cVioleta m\u00e1s viva que nunca\u201d<\/strong><\/h4>\n<p>Dirigido por \u00c1ngel Parra y Daniel Sandoval<\/p>\n<p>Tampoco tuvo competencia el documental \u201cVioleta m\u00e1s viva que nunca\u201d, dirigido por \u00c1ngel Parra y Daniel Sandoval, con testimonios de Gonzalo Rojas, Paco Ib\u00e1\u00f1ez, Alejandro Jodorowsky, Carmen Luisa Cereceda, Eduardo Parra y Gast\u00f3n Soublette. A\u00f1os tom\u00f3 la edici\u00f3n de este importante material que cont\u00f3 con el auspicio del Consejo Nacional de la Cultura y las Artes y que alcanz\u00f3 a ser lanzado el 6 de enero por \u00c1ngel Parra con un concierto en la Cineteca Nacional.<\/p>\n","protected":false},"excerpt":{"rendered":"<p>Sin duda que los festejos y homenajes que se sucedieron tanto en Chile como el extranjero consolidaron a Violeta Parra como una de las creadoras m\u00e1s emblem\u00e1ticas e influyentes del pa\u00eds. Si bien el mandato presidencial de celebrarla le dio mayor visibilidad, s\u00f3lo el arraigo que Violeta tiene en las distintas generaciones explica el \u00e9xito [&hellip;]<\/p>\n","protected":false},"author":5,"featured_media":9426,"comment_status":"open","ping_status":"open","sticky":false,"template":"","format":"standard","meta":{"site-sidebar-layout":"default","site-content-layout":"","ast-site-content-layout":"default","site-content-style":"default","site-sidebar-style":"default","ast-global-header-display":"","ast-banner-title-visibility":"","ast-main-header-display":"","ast-hfb-above-header-display":"","ast-hfb-below-header-display":"","ast-hfb-mobile-header-display":"","site-post-title":"","ast-breadcrumbs-content":"","ast-featured-img":"","footer-sml-layout":"","theme-transparent-header-meta":"","adv-header-id-meta":"","stick-header-meta":"","header-above-stick-meta":"","header-main-stick-meta":"","header-below-stick-meta":"","astra-migrate-meta-layouts":"default","ast-page-background-enabled":"default","ast-page-background-meta":{"desktop":{"background-color":"var(--ast-global-color-4)","background-image":"","background-repeat":"repeat","background-position":"center center","background-size":"auto","background-attachment":"scroll","background-type":"","background-media":"","overlay-type":"","overlay-color":"","overlay-opacity":"","overlay-gradient":""},"tablet":{"background-color":"","background-image":"","background-repeat":"repeat","background-position":"center center","background-size":"auto","background-attachment":"scroll","background-type":"","background-media":"","overlay-type":"","overlay-color":"","overlay-opacity":"","overlay-gradient":""},"mobile":{"background-color":"","background-image":"","background-repeat":"repeat","background-position":"center center","background-size":"auto","background-attachment":"scroll","background-type":"","background-media":"","overlay-type":"","overlay-color":"","overlay-opacity":"","overlay-gradient":""}},"ast-content-background-meta":{"desktop":{"background-color":"var(--ast-global-color-5)","background-image":"","background-repeat":"repeat","background-position":"center center","background-size":"auto","background-attachment":"scroll","background-type":"","background-media":"","overlay-type":"","overlay-color":"","overlay-opacity":"","overlay-gradient":""},"tablet":{"background-color":"var(--ast-global-color-5)","background-image":"","background-repeat":"repeat","background-position":"center center","background-size":"auto","background-attachment":"scroll","background-type":"","background-media":"","overlay-type":"","overlay-color":"","overlay-opacity":"","overlay-gradient":""},"mobile":{"background-color":"var(--ast-global-color-5)","background-image":"","background-repeat":"repeat","background-position":"center center","background-size":"auto","background-attachment":"scroll","background-type":"","background-media":"","overlay-type":"","overlay-color":"","overlay-opacity":"","overlay-gradient":""}},"footnotes":""},"categories":[8,1],"tags":[],"class_list":["post-9399","post","type-post","status-publish","format-standard","has-post-thumbnail","hentry","category-noticias","category-sin-categoria"],"yoast_head":"<!-- This site is optimized with the Yoast SEO plugin v25.4 - https:\/\/yoast.com\/wordpress\/plugins\/seo\/ -->\n<title>Museo Violeta Parra destaca lo mejor de 2017, en que la celebraci\u00f3n de los 100 a\u00f1os de la artista cop\u00f3 la agenda cultural - Museo Violeta Parra<\/title>\n<meta name=\"robots\" content=\"index, follow, max-snippet:-1, max-image-preview:large, max-video-preview:-1\" \/>\n<link rel=\"canonical\" href=\"http:\/\/vientosur.top\/museo\/museo-violeta-parra-destaca-lo-mejor-2017-la-celebracion-los-100-anos-la-artista-copo-la-agenda-cultural\/\" \/>\n<meta property=\"og:locale\" content=\"es_ES\" \/>\n<meta property=\"og:type\" content=\"article\" \/>\n<meta property=\"og:title\" content=\"Museo Violeta Parra destaca lo mejor de 2017, en que la celebraci\u00f3n de los 100 a\u00f1os de la artista cop\u00f3 la agenda cultural - Museo Violeta Parra\" \/>\n<meta property=\"og:description\" content=\"Sin duda que los festejos y homenajes que se sucedieron tanto en Chile como el extranjero consolidaron a Violeta Parra como una de las creadoras m\u00e1s emblem\u00e1ticas e influyentes del pa\u00eds. Si bien el mandato presidencial de celebrarla le dio mayor visibilidad, s\u00f3lo el arraigo que Violeta tiene en las distintas generaciones explica el \u00e9xito [&hellip;]\" \/>\n<meta property=\"og:url\" content=\"http:\/\/vientosur.top\/museo\/museo-violeta-parra-destaca-lo-mejor-2017-la-celebracion-los-100-anos-la-artista-copo-la-agenda-cultural\/\" \/>\n<meta property=\"og:site_name\" content=\"Museo Violeta Parra\" \/>\n<meta property=\"article:published_time\" content=\"2017-12-29T15:27:15+00:00\" \/>\n<meta property=\"og:image\" content=\"http:\/\/vientosur.top\/museo\/wp-content\/uploads\/2018\/01\/violeta-en-los-balcones-4-1024x683-1.jpg\" \/>\n\t<meta property=\"og:image:width\" content=\"1024\" \/>\n\t<meta property=\"og:image:height\" content=\"683\" \/>\n\t<meta property=\"og:image:type\" content=\"image\/jpeg\" \/>\n<meta name=\"author\" content=\"admin\" \/>\n<meta name=\"twitter:card\" content=\"summary_large_image\" \/>\n<meta name=\"twitter:label1\" content=\"Escrito por\" \/>\n\t<meta name=\"twitter:data1\" content=\"admin\" \/>\n\t<meta name=\"twitter:label2\" content=\"Tiempo de lectura\" \/>\n\t<meta name=\"twitter:data2\" content=\"19 minutos\" \/>\n<script type=\"application\/ld+json\" class=\"yoast-schema-graph\">{\"@context\":\"https:\/\/schema.org\",\"@graph\":[{\"@type\":\"WebPage\",\"@id\":\"http:\/\/vientosur.top\/museo\/museo-violeta-parra-destaca-lo-mejor-2017-la-celebracion-los-100-anos-la-artista-copo-la-agenda-cultural\/\",\"url\":\"http:\/\/vientosur.top\/museo\/museo-violeta-parra-destaca-lo-mejor-2017-la-celebracion-los-100-anos-la-artista-copo-la-agenda-cultural\/\",\"name\":\"Museo Violeta Parra destaca lo mejor de 2017, en que la celebraci\u00f3n de los 100 a\u00f1os de la artista cop\u00f3 la agenda cultural - Museo Violeta Parra\",\"isPartOf\":{\"@id\":\"http:\/\/vientosur.top\/museo\/#website\"},\"primaryImageOfPage\":{\"@id\":\"http:\/\/vientosur.top\/museo\/museo-violeta-parra-destaca-lo-mejor-2017-la-celebracion-los-100-anos-la-artista-copo-la-agenda-cultural\/#primaryimage\"},\"image\":{\"@id\":\"http:\/\/vientosur.top\/museo\/museo-violeta-parra-destaca-lo-mejor-2017-la-celebracion-los-100-anos-la-artista-copo-la-agenda-cultural\/#primaryimage\"},\"thumbnailUrl\":\"http:\/\/vientosur.top\/museo\/wp-content\/uploads\/2018\/01\/violeta-en-los-balcones-4-1024x683-1.jpg\",\"datePublished\":\"2017-12-29T15:27:15+00:00\",\"author\":{\"@id\":\"http:\/\/vientosur.top\/museo\/#\/schema\/person\/20c79d3c38800971feec8c2693c3dd9c\"},\"breadcrumb\":{\"@id\":\"http:\/\/vientosur.top\/museo\/museo-violeta-parra-destaca-lo-mejor-2017-la-celebracion-los-100-anos-la-artista-copo-la-agenda-cultural\/#breadcrumb\"},\"inLanguage\":\"es\",\"potentialAction\":[{\"@type\":\"ReadAction\",\"target\":[\"http:\/\/vientosur.top\/museo\/museo-violeta-parra-destaca-lo-mejor-2017-la-celebracion-los-100-anos-la-artista-copo-la-agenda-cultural\/\"]}]},{\"@type\":\"ImageObject\",\"inLanguage\":\"es\",\"@id\":\"http:\/\/vientosur.top\/museo\/museo-violeta-parra-destaca-lo-mejor-2017-la-celebracion-los-100-anos-la-artista-copo-la-agenda-cultural\/#primaryimage\",\"url\":\"http:\/\/vientosur.top\/museo\/wp-content\/uploads\/2018\/01\/violeta-en-los-balcones-4-1024x683-1.jpg\",\"contentUrl\":\"http:\/\/vientosur.top\/museo\/wp-content\/uploads\/2018\/01\/violeta-en-los-balcones-4-1024x683-1.jpg\",\"width\":1024,\"height\":683},{\"@type\":\"BreadcrumbList\",\"@id\":\"http:\/\/vientosur.top\/museo\/museo-violeta-parra-destaca-lo-mejor-2017-la-celebracion-los-100-anos-la-artista-copo-la-agenda-cultural\/#breadcrumb\",\"itemListElement\":[{\"@type\":\"ListItem\",\"position\":1,\"name\":\"Portada\",\"item\":\"http:\/\/vientosur.top\/museo\/\"},{\"@type\":\"ListItem\",\"position\":2,\"name\":\"Museo Violeta Parra destaca lo mejor de 2017, en que la celebraci\u00f3n de los 100 a\u00f1os de la artista cop\u00f3 la agenda cultural\"}]},{\"@type\":\"WebSite\",\"@id\":\"http:\/\/vientosur.top\/museo\/#website\",\"url\":\"http:\/\/vientosur.top\/museo\/\",\"name\":\"Museo Violeta Parra\",\"description\":\"Espacio que alberga tanto la memoria y legado creativo de la artista\",\"potentialAction\":[{\"@type\":\"SearchAction\",\"target\":{\"@type\":\"EntryPoint\",\"urlTemplate\":\"http:\/\/vientosur.top\/museo\/?s={search_term_string}\"},\"query-input\":{\"@type\":\"PropertyValueSpecification\",\"valueRequired\":true,\"valueName\":\"search_term_string\"}}],\"inLanguage\":\"es\"},{\"@type\":\"Person\",\"@id\":\"http:\/\/vientosur.top\/museo\/#\/schema\/person\/20c79d3c38800971feec8c2693c3dd9c\",\"name\":\"admin\",\"image\":{\"@type\":\"ImageObject\",\"inLanguage\":\"es\",\"@id\":\"http:\/\/vientosur.top\/museo\/#\/schema\/person\/image\/\",\"url\":\"https:\/\/secure.gravatar.com\/avatar\/713677ece3ffa642287213a80e5b773bce9ab81c269dd6d95102a990951c922f?s=96&d=mm&r=g\",\"contentUrl\":\"https:\/\/secure.gravatar.com\/avatar\/713677ece3ffa642287213a80e5b773bce9ab81c269dd6d95102a990951c922f?s=96&d=mm&r=g\",\"caption\":\"admin\"},\"sameAs\":[\"http:\/\/vientosur.top\/museo\"],\"url\":\"http:\/\/vientosur.top\/museo\/author\/comunicacionesmvp\/\"}]}<\/script>\n<!-- \/ Yoast SEO plugin. -->","yoast_head_json":{"title":"Museo Violeta Parra destaca lo mejor de 2017, en que la celebraci\u00f3n de los 100 a\u00f1os de la artista cop\u00f3 la agenda cultural - Museo Violeta Parra","robots":{"index":"index","follow":"follow","max-snippet":"max-snippet:-1","max-image-preview":"max-image-preview:large","max-video-preview":"max-video-preview:-1"},"canonical":"http:\/\/vientosur.top\/museo\/museo-violeta-parra-destaca-lo-mejor-2017-la-celebracion-los-100-anos-la-artista-copo-la-agenda-cultural\/","og_locale":"es_ES","og_type":"article","og_title":"Museo Violeta Parra destaca lo mejor de 2017, en que la celebraci\u00f3n de los 100 a\u00f1os de la artista cop\u00f3 la agenda cultural - Museo Violeta Parra","og_description":"Sin duda que los festejos y homenajes que se sucedieron tanto en Chile como el extranjero consolidaron a Violeta Parra como una de las creadoras m\u00e1s emblem\u00e1ticas e influyentes del pa\u00eds. Si bien el mandato presidencial de celebrarla le dio mayor visibilidad, s\u00f3lo el arraigo que Violeta tiene en las distintas generaciones explica el \u00e9xito [&hellip;]","og_url":"http:\/\/vientosur.top\/museo\/museo-violeta-parra-destaca-lo-mejor-2017-la-celebracion-los-100-anos-la-artista-copo-la-agenda-cultural\/","og_site_name":"Museo Violeta Parra","article_published_time":"2017-12-29T15:27:15+00:00","og_image":[{"width":1024,"height":683,"url":"http:\/\/vientosur.top\/museo\/wp-content\/uploads\/2018\/01\/violeta-en-los-balcones-4-1024x683-1.jpg","type":"image\/jpeg"}],"author":"admin","twitter_card":"summary_large_image","twitter_misc":{"Escrito por":"admin","Tiempo de lectura":"19 minutos"},"schema":{"@context":"https:\/\/schema.org","@graph":[{"@type":"WebPage","@id":"http:\/\/vientosur.top\/museo\/museo-violeta-parra-destaca-lo-mejor-2017-la-celebracion-los-100-anos-la-artista-copo-la-agenda-cultural\/","url":"http:\/\/vientosur.top\/museo\/museo-violeta-parra-destaca-lo-mejor-2017-la-celebracion-los-100-anos-la-artista-copo-la-agenda-cultural\/","name":"Museo Violeta Parra destaca lo mejor de 2017, en que la celebraci\u00f3n de los 100 a\u00f1os de la artista cop\u00f3 la agenda cultural - Museo Violeta Parra","isPartOf":{"@id":"http:\/\/vientosur.top\/museo\/#website"},"primaryImageOfPage":{"@id":"http:\/\/vientosur.top\/museo\/museo-violeta-parra-destaca-lo-mejor-2017-la-celebracion-los-100-anos-la-artista-copo-la-agenda-cultural\/#primaryimage"},"image":{"@id":"http:\/\/vientosur.top\/museo\/museo-violeta-parra-destaca-lo-mejor-2017-la-celebracion-los-100-anos-la-artista-copo-la-agenda-cultural\/#primaryimage"},"thumbnailUrl":"http:\/\/vientosur.top\/museo\/wp-content\/uploads\/2018\/01\/violeta-en-los-balcones-4-1024x683-1.jpg","datePublished":"2017-12-29T15:27:15+00:00","author":{"@id":"http:\/\/vientosur.top\/museo\/#\/schema\/person\/20c79d3c38800971feec8c2693c3dd9c"},"breadcrumb":{"@id":"http:\/\/vientosur.top\/museo\/museo-violeta-parra-destaca-lo-mejor-2017-la-celebracion-los-100-anos-la-artista-copo-la-agenda-cultural\/#breadcrumb"},"inLanguage":"es","potentialAction":[{"@type":"ReadAction","target":["http:\/\/vientosur.top\/museo\/museo-violeta-parra-destaca-lo-mejor-2017-la-celebracion-los-100-anos-la-artista-copo-la-agenda-cultural\/"]}]},{"@type":"ImageObject","inLanguage":"es","@id":"http:\/\/vientosur.top\/museo\/museo-violeta-parra-destaca-lo-mejor-2017-la-celebracion-los-100-anos-la-artista-copo-la-agenda-cultural\/#primaryimage","url":"http:\/\/vientosur.top\/museo\/wp-content\/uploads\/2018\/01\/violeta-en-los-balcones-4-1024x683-1.jpg","contentUrl":"http:\/\/vientosur.top\/museo\/wp-content\/uploads\/2018\/01\/violeta-en-los-balcones-4-1024x683-1.jpg","width":1024,"height":683},{"@type":"BreadcrumbList","@id":"http:\/\/vientosur.top\/museo\/museo-violeta-parra-destaca-lo-mejor-2017-la-celebracion-los-100-anos-la-artista-copo-la-agenda-cultural\/#breadcrumb","itemListElement":[{"@type":"ListItem","position":1,"name":"Portada","item":"http:\/\/vientosur.top\/museo\/"},{"@type":"ListItem","position":2,"name":"Museo Violeta Parra destaca lo mejor de 2017, en que la celebraci\u00f3n de los 100 a\u00f1os de la artista cop\u00f3 la agenda cultural"}]},{"@type":"WebSite","@id":"http:\/\/vientosur.top\/museo\/#website","url":"http:\/\/vientosur.top\/museo\/","name":"Museo Violeta Parra","description":"Espacio que alberga tanto la memoria y legado creativo de la artista","potentialAction":[{"@type":"SearchAction","target":{"@type":"EntryPoint","urlTemplate":"http:\/\/vientosur.top\/museo\/?s={search_term_string}"},"query-input":{"@type":"PropertyValueSpecification","valueRequired":true,"valueName":"search_term_string"}}],"inLanguage":"es"},{"@type":"Person","@id":"http:\/\/vientosur.top\/museo\/#\/schema\/person\/20c79d3c38800971feec8c2693c3dd9c","name":"admin","image":{"@type":"ImageObject","inLanguage":"es","@id":"http:\/\/vientosur.top\/museo\/#\/schema\/person\/image\/","url":"https:\/\/secure.gravatar.com\/avatar\/713677ece3ffa642287213a80e5b773bce9ab81c269dd6d95102a990951c922f?s=96&d=mm&r=g","contentUrl":"https:\/\/secure.gravatar.com\/avatar\/713677ece3ffa642287213a80e5b773bce9ab81c269dd6d95102a990951c922f?s=96&d=mm&r=g","caption":"admin"},"sameAs":["http:\/\/vientosur.top\/museo"],"url":"http:\/\/vientosur.top\/museo\/author\/comunicacionesmvp\/"}]}},"_links":{"self":[{"href":"http:\/\/vientosur.top\/museo\/wp-json\/wp\/v2\/posts\/9399","targetHints":{"allow":["GET"]}}],"collection":[{"href":"http:\/\/vientosur.top\/museo\/wp-json\/wp\/v2\/posts"}],"about":[{"href":"http:\/\/vientosur.top\/museo\/wp-json\/wp\/v2\/types\/post"}],"author":[{"embeddable":true,"href":"http:\/\/vientosur.top\/museo\/wp-json\/wp\/v2\/users\/5"}],"replies":[{"embeddable":true,"href":"http:\/\/vientosur.top\/museo\/wp-json\/wp\/v2\/comments?post=9399"}],"version-history":[{"count":0,"href":"http:\/\/vientosur.top\/museo\/wp-json\/wp\/v2\/posts\/9399\/revisions"}],"wp:featuredmedia":[{"embeddable":true,"href":"http:\/\/vientosur.top\/museo\/wp-json\/wp\/v2\/media\/9426"}],"wp:attachment":[{"href":"http:\/\/vientosur.top\/museo\/wp-json\/wp\/v2\/media?parent=9399"}],"wp:term":[{"taxonomy":"category","embeddable":true,"href":"http:\/\/vientosur.top\/museo\/wp-json\/wp\/v2\/categories?post=9399"},{"taxonomy":"post_tag","embeddable":true,"href":"http:\/\/vientosur.top\/museo\/wp-json\/wp\/v2\/tags?post=9399"}],"curies":[{"name":"wp","href":"https:\/\/api.w.org\/{rel}","templated":true}]}}