{"id":9455,"date":"2018-01-03T11:11:52","date_gmt":"2018-01-03T16:11:52","guid":{"rendered":"http:\/\/vientosur.top\/museo\/?p=9455"},"modified":"2018-01-03T11:11:52","modified_gmt":"2018-01-03T16:11:52","slug":"cecilia-garcia-huidobro-revista-cosas-violeta-parra-pasa-corazon-la-razon","status":"publish","type":"post","link":"http:\/\/vientosur.top\/museo\/cecilia-garcia-huidobro-revista-cosas-violeta-parra-pasa-corazon-la-razon\/","title":{"rendered":"Cecilia Garc\u00eda-Huidobro en Revista Cosas: \u201cVioleta Parra pasa por el coraz\u00f3n antes que por la raz\u00f3n\u201d"},"content":{"rendered":"<p>El centenario del nacimiento de la folclorista, celebrado este a\u00f1o, fue un \u00e9xito. Las 150 mil personas que han visitado el museo de la artista en sus dos primer a\u00f1os son solo una muestra. Aqu\u00ed, la directora de ese centro cultural habla del significado m\u00e1s profundo que tiene Violeta para los chilenos.<\/p>\n<p>Entrevista realizada por \u00d3scar Sep\u00falveda para Revista Cosas (22 de diciembre de 2017).<\/p>\n<p><a href=\"http:\/\/vientosur.top\/museo\/wp-content\/uploads\/2018\/01\/CGH1.jpg\"><img fetchpriority=\"high\" decoding=\"async\" class=\"alignleft size-large wp-image-9456\" src=\"http:\/\/vientosur.top\/museo\/wp-content\/uploads\/2018\/01\/CGH1-484x1024.jpg\" alt=\"\" width=\"484\" height=\"1024\" \/><\/a> <a href=\"http:\/\/vientosur.top\/museo\/wp-content\/uploads\/2018\/01\/CGH2-1024x596.jpg\"><img decoding=\"async\" class=\"alignleft size-large wp-image-9457\" src=\"http:\/\/vientosur.top\/museo\/wp-content\/uploads\/2018\/01\/CGH2-1024x596-1024x596.jpg\" alt=\"\" width=\"840\" height=\"489\" \/><\/a> <a href=\"http:\/\/vientosur.top\/museo\/wp-content\/uploads\/2018\/01\/CGH3.jpg\"><img decoding=\"async\" class=\"alignleft size-large wp-image-9458\" src=\"http:\/\/vientosur.top\/museo\/wp-content\/uploads\/2018\/01\/CGH3-541x1024.jpg\" alt=\"\" width=\"541\" height=\"1024\" \/><\/a><\/p>\n","protected":false},"excerpt":{"rendered":"<p>El centenario del nacimiento de la folclorista, celebrado este a\u00f1o, fue un \u00e9xito. Las 150 mil personas que han visitado el museo de la artista en sus dos primer a\u00f1os son solo una muestra. Aqu\u00ed, la directora de ese centro cultural habla del significado m\u00e1s profundo que tiene Violeta para los chilenos. Entrevista realizada por [&hellip;]<\/p>\n","protected":false},"author":5,"featured_media":9459,"comment_status":"open","ping_status":"open","sticky":false,"template":"","format":"standard","meta":{"site-sidebar-layout":"default","site-content-layout":"","ast-site-content-layout":"default","site-content-style":"default","site-sidebar-style":"default","ast-global-header-display":"","ast-banner-title-visibility":"","ast-main-header-display":"","ast-hfb-above-header-display":"","ast-hfb-below-header-display":"","ast-hfb-mobile-header-display":"","site-post-title":"","ast-breadcrumbs-content":"","ast-featured-img":"","footer-sml-layout":"","theme-transparent-header-meta":"","adv-header-id-meta":"","stick-header-meta":"","header-above-stick-meta":"","header-main-stick-meta":"","header-below-stick-meta":"","astra-migrate-meta-layouts":"default","ast-page-background-enabled":"default","ast-page-background-meta":{"desktop":{"background-color":"var(--ast-global-color-4)","background-image":"","background-repeat":"repeat","background-position":"center center","background-size":"auto","background-attachment":"scroll","background-type":"","background-media":"","overlay-type":"","overlay-color":"","overlay-opacity":"","overlay-gradient":""},"tablet":{"background-color":"","background-image":"","background-repeat":"repeat","background-position":"center center","background-size":"auto","background-attachment":"scroll","background-type":"","background-media":"","overlay-type":"","overlay-color":"","overlay-opacity":"","overlay-gradient":""},"mobile":{"background-color":"","background-image":"","background-repeat":"repeat","background-position":"center center","background-size":"auto","background-attachment":"scroll","background-type":"","background-media":"","overlay-type":"","overlay-color":"","overlay-opacity":"","overlay-gradient":""}},"ast-content-background-meta":{"desktop":{"background-color":"var(--ast-global-color-5)","background-image":"","background-repeat":"repeat","background-position":"center center","background-size":"auto","background-attachment":"scroll","background-type":"","background-media":"","overlay-type":"","overlay-color":"","overlay-opacity":"","overlay-gradient":""},"tablet":{"background-color":"var(--ast-global-color-5)","background-image":"","background-repeat":"repeat","background-position":"center center","background-size":"auto","background-attachment":"scroll","background-type":"","background-media":"","overlay-type":"","overlay-color":"","overlay-opacity":"","overlay-gradient":""},"mobile":{"background-color":"var(--ast-global-color-5)","background-image":"","background-repeat":"repeat","background-position":"center center","background-size":"auto","background-attachment":"scroll","background-type":"","background-media":"","overlay-type":"","overlay-color":"","overlay-opacity":"","overlay-gradient":""}},"footnotes":""},"categories":[8],"tags":[],"class_list":["post-9455","post","type-post","status-publish","format-standard","has-post-thumbnail","hentry","category-noticias"],"yoast_head":"<!-- This site is optimized with the Yoast SEO plugin v25.4 - https:\/\/yoast.com\/wordpress\/plugins\/seo\/ -->\n<title>Cecilia Garc\u00eda-Huidobro en Revista Cosas: \u201cVioleta Parra pasa por el coraz\u00f3n antes que por la raz\u00f3n\u201d - Museo Violeta Parra<\/title>\n<meta name=\"robots\" content=\"index, follow, max-snippet:-1, max-image-preview:large, max-video-preview:-1\" \/>\n<link rel=\"canonical\" href=\"http:\/\/vientosur.top\/museo\/cecilia-garcia-huidobro-revista-cosas-violeta-parra-pasa-corazon-la-razon\/\" \/>\n<meta property=\"og:locale\" content=\"es_ES\" \/>\n<meta property=\"og:type\" content=\"article\" \/>\n<meta property=\"og:title\" content=\"Cecilia Garc\u00eda-Huidobro en Revista Cosas: \u201cVioleta Parra pasa por el coraz\u00f3n antes que por la raz\u00f3n\u201d - Museo Violeta Parra\" \/>\n<meta property=\"og:description\" content=\"El centenario del nacimiento de la folclorista, celebrado este a\u00f1o, fue un \u00e9xito. Las 150 mil personas que han visitado el museo de la artista en sus dos primer a\u00f1os son solo una muestra. Aqu\u00ed, la directora de ese centro cultural habla del significado m\u00e1s profundo que tiene Violeta para los chilenos. Entrevista realizada por [&hellip;]\" \/>\n<meta property=\"og:url\" content=\"http:\/\/vientosur.top\/museo\/cecilia-garcia-huidobro-revista-cosas-violeta-parra-pasa-corazon-la-razon\/\" \/>\n<meta property=\"og:site_name\" content=\"Museo Violeta Parra\" \/>\n<meta property=\"article:published_time\" content=\"2018-01-03T16:11:52+00:00\" \/>\n<meta property=\"og:image\" content=\"http:\/\/vientosur.top\/museo\/wp-content\/uploads\/2018\/01\/CHGC-763x1024-1.jpg\" \/>\n\t<meta property=\"og:image:width\" content=\"763\" \/>\n\t<meta property=\"og:image:height\" content=\"1024\" \/>\n\t<meta property=\"og:image:type\" content=\"image\/jpeg\" \/>\n<meta name=\"author\" content=\"admin\" \/>\n<meta name=\"twitter:card\" content=\"summary_large_image\" \/>\n<meta name=\"twitter:label1\" content=\"Escrito por\" \/>\n\t<meta name=\"twitter:data1\" content=\"admin\" \/>\n<script type=\"application\/ld+json\" class=\"yoast-schema-graph\">{\"@context\":\"https:\/\/schema.org\",\"@graph\":[{\"@type\":\"WebPage\",\"@id\":\"http:\/\/vientosur.top\/museo\/cecilia-garcia-huidobro-revista-cosas-violeta-parra-pasa-corazon-la-razon\/\",\"url\":\"http:\/\/vientosur.top\/museo\/cecilia-garcia-huidobro-revista-cosas-violeta-parra-pasa-corazon-la-razon\/\",\"name\":\"Cecilia Garc\u00eda-Huidobro en Revista Cosas: \u201cVioleta Parra pasa por el coraz\u00f3n antes que por la raz\u00f3n\u201d - Museo Violeta Parra\",\"isPartOf\":{\"@id\":\"http:\/\/vientosur.top\/museo\/#website\"},\"primaryImageOfPage\":{\"@id\":\"http:\/\/vientosur.top\/museo\/cecilia-garcia-huidobro-revista-cosas-violeta-parra-pasa-corazon-la-razon\/#primaryimage\"},\"image\":{\"@id\":\"http:\/\/vientosur.top\/museo\/cecilia-garcia-huidobro-revista-cosas-violeta-parra-pasa-corazon-la-razon\/#primaryimage\"},\"thumbnailUrl\":\"http:\/\/vientosur.top\/museo\/wp-content\/uploads\/2018\/01\/CHGC-763x1024-1.jpg\",\"datePublished\":\"2018-01-03T16:11:52+00:00\",\"author\":{\"@id\":\"http:\/\/vientosur.top\/museo\/#\/schema\/person\/20c79d3c38800971feec8c2693c3dd9c\"},\"breadcrumb\":{\"@id\":\"http:\/\/vientosur.top\/museo\/cecilia-garcia-huidobro-revista-cosas-violeta-parra-pasa-corazon-la-razon\/#breadcrumb\"},\"inLanguage\":\"es\",\"potentialAction\":[{\"@type\":\"ReadAction\",\"target\":[\"http:\/\/vientosur.top\/museo\/cecilia-garcia-huidobro-revista-cosas-violeta-parra-pasa-corazon-la-razon\/\"]}]},{\"@type\":\"ImageObject\",\"inLanguage\":\"es\",\"@id\":\"http:\/\/vientosur.top\/museo\/cecilia-garcia-huidobro-revista-cosas-violeta-parra-pasa-corazon-la-razon\/#primaryimage\",\"url\":\"http:\/\/vientosur.top\/museo\/wp-content\/uploads\/2018\/01\/CHGC-763x1024-1.jpg\",\"contentUrl\":\"http:\/\/vientosur.top\/museo\/wp-content\/uploads\/2018\/01\/CHGC-763x1024-1.jpg\",\"width\":763,\"height\":1024},{\"@type\":\"BreadcrumbList\",\"@id\":\"http:\/\/vientosur.top\/museo\/cecilia-garcia-huidobro-revista-cosas-violeta-parra-pasa-corazon-la-razon\/#breadcrumb\",\"itemListElement\":[{\"@type\":\"ListItem\",\"position\":1,\"name\":\"Portada\",\"item\":\"http:\/\/vientosur.top\/museo\/\"},{\"@type\":\"ListItem\",\"position\":2,\"name\":\"Cecilia Garc\u00eda-Huidobro en Revista Cosas: \u201cVioleta Parra pasa por el coraz\u00f3n antes que por la raz\u00f3n\u201d\"}]},{\"@type\":\"WebSite\",\"@id\":\"http:\/\/vientosur.top\/museo\/#website\",\"url\":\"http:\/\/vientosur.top\/museo\/\",\"name\":\"Museo Violeta Parra\",\"description\":\"Espacio que alberga tanto la memoria y legado creativo de la artista\",\"potentialAction\":[{\"@type\":\"SearchAction\",\"target\":{\"@type\":\"EntryPoint\",\"urlTemplate\":\"http:\/\/vientosur.top\/museo\/?s={search_term_string}\"},\"query-input\":{\"@type\":\"PropertyValueSpecification\",\"valueRequired\":true,\"valueName\":\"search_term_string\"}}],\"inLanguage\":\"es\"},{\"@type\":\"Person\",\"@id\":\"http:\/\/vientosur.top\/museo\/#\/schema\/person\/20c79d3c38800971feec8c2693c3dd9c\",\"name\":\"admin\",\"image\":{\"@type\":\"ImageObject\",\"inLanguage\":\"es\",\"@id\":\"http:\/\/vientosur.top\/museo\/#\/schema\/person\/image\/\",\"url\":\"https:\/\/secure.gravatar.com\/avatar\/713677ece3ffa642287213a80e5b773bce9ab81c269dd6d95102a990951c922f?s=96&d=mm&r=g\",\"contentUrl\":\"https:\/\/secure.gravatar.com\/avatar\/713677ece3ffa642287213a80e5b773bce9ab81c269dd6d95102a990951c922f?s=96&d=mm&r=g\",\"caption\":\"admin\"},\"sameAs\":[\"http:\/\/vientosur.top\/museo\"],\"url\":\"http:\/\/vientosur.top\/museo\/author\/comunicacionesmvp\/\"}]}<\/script>\n<!-- \/ Yoast SEO plugin. -->","yoast_head_json":{"title":"Cecilia Garc\u00eda-Huidobro en Revista Cosas: \u201cVioleta Parra pasa por el coraz\u00f3n antes que por la raz\u00f3n\u201d - Museo Violeta Parra","robots":{"index":"index","follow":"follow","max-snippet":"max-snippet:-1","max-image-preview":"max-image-preview:large","max-video-preview":"max-video-preview:-1"},"canonical":"http:\/\/vientosur.top\/museo\/cecilia-garcia-huidobro-revista-cosas-violeta-parra-pasa-corazon-la-razon\/","og_locale":"es_ES","og_type":"article","og_title":"Cecilia Garc\u00eda-Huidobro en Revista Cosas: \u201cVioleta Parra pasa por el coraz\u00f3n antes que por la raz\u00f3n\u201d - Museo Violeta Parra","og_description":"El centenario del nacimiento de la folclorista, celebrado este a\u00f1o, fue un \u00e9xito. Las 150 mil personas que han visitado el museo de la artista en sus dos primer a\u00f1os son solo una muestra. Aqu\u00ed, la directora de ese centro cultural habla del significado m\u00e1s profundo que tiene Violeta para los chilenos. Entrevista realizada por [&hellip;]","og_url":"http:\/\/vientosur.top\/museo\/cecilia-garcia-huidobro-revista-cosas-violeta-parra-pasa-corazon-la-razon\/","og_site_name":"Museo Violeta Parra","article_published_time":"2018-01-03T16:11:52+00:00","og_image":[{"width":763,"height":1024,"url":"http:\/\/vientosur.top\/museo\/wp-content\/uploads\/2018\/01\/CHGC-763x1024-1.jpg","type":"image\/jpeg"}],"author":"admin","twitter_card":"summary_large_image","twitter_misc":{"Escrito por":"admin"},"schema":{"@context":"https:\/\/schema.org","@graph":[{"@type":"WebPage","@id":"http:\/\/vientosur.top\/museo\/cecilia-garcia-huidobro-revista-cosas-violeta-parra-pasa-corazon-la-razon\/","url":"http:\/\/vientosur.top\/museo\/cecilia-garcia-huidobro-revista-cosas-violeta-parra-pasa-corazon-la-razon\/","name":"Cecilia Garc\u00eda-Huidobro en Revista Cosas: \u201cVioleta Parra pasa por el coraz\u00f3n antes que por la raz\u00f3n\u201d - Museo Violeta Parra","isPartOf":{"@id":"http:\/\/vientosur.top\/museo\/#website"},"primaryImageOfPage":{"@id":"http:\/\/vientosur.top\/museo\/cecilia-garcia-huidobro-revista-cosas-violeta-parra-pasa-corazon-la-razon\/#primaryimage"},"image":{"@id":"http:\/\/vientosur.top\/museo\/cecilia-garcia-huidobro-revista-cosas-violeta-parra-pasa-corazon-la-razon\/#primaryimage"},"thumbnailUrl":"http:\/\/vientosur.top\/museo\/wp-content\/uploads\/2018\/01\/CHGC-763x1024-1.jpg","datePublished":"2018-01-03T16:11:52+00:00","author":{"@id":"http:\/\/vientosur.top\/museo\/#\/schema\/person\/20c79d3c38800971feec8c2693c3dd9c"},"breadcrumb":{"@id":"http:\/\/vientosur.top\/museo\/cecilia-garcia-huidobro-revista-cosas-violeta-parra-pasa-corazon-la-razon\/#breadcrumb"},"inLanguage":"es","potentialAction":[{"@type":"ReadAction","target":["http:\/\/vientosur.top\/museo\/cecilia-garcia-huidobro-revista-cosas-violeta-parra-pasa-corazon-la-razon\/"]}]},{"@type":"ImageObject","inLanguage":"es","@id":"http:\/\/vientosur.top\/museo\/cecilia-garcia-huidobro-revista-cosas-violeta-parra-pasa-corazon-la-razon\/#primaryimage","url":"http:\/\/vientosur.top\/museo\/wp-content\/uploads\/2018\/01\/CHGC-763x1024-1.jpg","contentUrl":"http:\/\/vientosur.top\/museo\/wp-content\/uploads\/2018\/01\/CHGC-763x1024-1.jpg","width":763,"height":1024},{"@type":"BreadcrumbList","@id":"http:\/\/vientosur.top\/museo\/cecilia-garcia-huidobro-revista-cosas-violeta-parra-pasa-corazon-la-razon\/#breadcrumb","itemListElement":[{"@type":"ListItem","position":1,"name":"Portada","item":"http:\/\/vientosur.top\/museo\/"},{"@type":"ListItem","position":2,"name":"Cecilia Garc\u00eda-Huidobro en Revista Cosas: \u201cVioleta Parra pasa por el coraz\u00f3n antes que por la raz\u00f3n\u201d"}]},{"@type":"WebSite","@id":"http:\/\/vientosur.top\/museo\/#website","url":"http:\/\/vientosur.top\/museo\/","name":"Museo Violeta Parra","description":"Espacio que alberga tanto la memoria y legado creativo de la artista","potentialAction":[{"@type":"SearchAction","target":{"@type":"EntryPoint","urlTemplate":"http:\/\/vientosur.top\/museo\/?s={search_term_string}"},"query-input":{"@type":"PropertyValueSpecification","valueRequired":true,"valueName":"search_term_string"}}],"inLanguage":"es"},{"@type":"Person","@id":"http:\/\/vientosur.top\/museo\/#\/schema\/person\/20c79d3c38800971feec8c2693c3dd9c","name":"admin","image":{"@type":"ImageObject","inLanguage":"es","@id":"http:\/\/vientosur.top\/museo\/#\/schema\/person\/image\/","url":"https:\/\/secure.gravatar.com\/avatar\/713677ece3ffa642287213a80e5b773bce9ab81c269dd6d95102a990951c922f?s=96&d=mm&r=g","contentUrl":"https:\/\/secure.gravatar.com\/avatar\/713677ece3ffa642287213a80e5b773bce9ab81c269dd6d95102a990951c922f?s=96&d=mm&r=g","caption":"admin"},"sameAs":["http:\/\/vientosur.top\/museo"],"url":"http:\/\/vientosur.top\/museo\/author\/comunicacionesmvp\/"}]}},"_links":{"self":[{"href":"http:\/\/vientosur.top\/museo\/wp-json\/wp\/v2\/posts\/9455","targetHints":{"allow":["GET"]}}],"collection":[{"href":"http:\/\/vientosur.top\/museo\/wp-json\/wp\/v2\/posts"}],"about":[{"href":"http:\/\/vientosur.top\/museo\/wp-json\/wp\/v2\/types\/post"}],"author":[{"embeddable":true,"href":"http:\/\/vientosur.top\/museo\/wp-json\/wp\/v2\/users\/5"}],"replies":[{"embeddable":true,"href":"http:\/\/vientosur.top\/museo\/wp-json\/wp\/v2\/comments?post=9455"}],"version-history":[{"count":0,"href":"http:\/\/vientosur.top\/museo\/wp-json\/wp\/v2\/posts\/9455\/revisions"}],"wp:featuredmedia":[{"embeddable":true,"href":"http:\/\/vientosur.top\/museo\/wp-json\/wp\/v2\/media\/9459"}],"wp:attachment":[{"href":"http:\/\/vientosur.top\/museo\/wp-json\/wp\/v2\/media?parent=9455"}],"wp:term":[{"taxonomy":"category","embeddable":true,"href":"http:\/\/vientosur.top\/museo\/wp-json\/wp\/v2\/categories?post=9455"},{"taxonomy":"post_tag","embeddable":true,"href":"http:\/\/vientosur.top\/museo\/wp-json\/wp\/v2\/tags?post=9455"}],"curies":[{"name":"wp","href":"https:\/\/api.w.org\/{rel}","templated":true}]}}