{"id":9469,"date":"2018-01-08T11:15:18","date_gmt":"2018-01-08T16:15:18","guid":{"rendered":"http:\/\/vientosur.top\/museo\/?p=9469"},"modified":"2018-01-08T11:15:18","modified_gmt":"2018-01-08T16:15:18","slug":"reserva-entrada-gratis-felipe-laborde-trio-se-presentan-este-sabado-museo-violeta-parra","status":"publish","type":"post","link":"http:\/\/vientosur.top\/museo\/reserva-entrada-gratis-felipe-laborde-trio-se-presentan-este-sabado-museo-violeta-parra\/","title":{"rendered":"Felipe Laborde y tr\u00edo se presentaron en Museo Violeta Parra"},"content":{"rendered":"<p>El s\u00e1bado 13 de enero a las 16:00 horas se present\u00f3 en Sala Antar la agrupaci\u00f3n musical del compositor Felipe Laborde, cuyo trabajo se gesta desde la ra\u00edz folcl\u00f3rica chilena hasta la fusi\u00f3n musical propia de las corrientes sonoras urbanas de la regi\u00f3n de Valpara\u00edso. El conjunto ha editado los discos <em>\u00a0Son de Colores<\/em>\u00a0(Fondart, 2014) y<em>\u00a0DiVersosAlCamino<\/em>\u00a0(Autoedici\u00f3n, 2017), buscando en ambos discos poner en valor las tradiciones populares.<\/p>\n<p>El \u00e1lbum\u00a0<em>DiVersosAlCamino<\/em>\u00a0es consecuencia de diferentes vivencias del compositor, que se combinan con ideas musicales de la banda Laborde y tr\u00edo. Los textos se basan en la simplicidad del cotidiano chileno y la m\u00fasica en la complejidad de las estructuras tradicionales, como cuecas, d\u00e9cimas y verso libre.<\/p>\n<p>Laborde y tr\u00edo lo integran: Felipe Laborde (compositor, guitarra, cuatro y voz), Yesenia Torres (percusi\u00f3n y voz), Cecilia Vargas (bajo y voz) y Mar\u00eda Jos\u00e9 Hernandez (Clarinete y saxo).<\/p>\n<p>&nbsp;<\/p>\n<p><a href=\"https:\/\/www.facebook.com\/pg\/MuseoVioletaParra\/photos\/?tab=album&amp;album_id=2046963898880354\" target=\"_blank\" rel=\"noopener noreferrer\">Galer\u00eda de im\u00e1genes<\/a><\/p>\n<p><strong>\u00a0<\/strong><\/p>\n<p>&nbsp;<\/p>\n<p>&nbsp;<\/p>\n","protected":false},"excerpt":{"rendered":"<p>El s\u00e1bado 13 de enero a las 16:00 horas se present\u00f3 en Sala Antar la agrupaci\u00f3n musical del compositor Felipe Laborde, cuyo trabajo se gesta desde la ra\u00edz folcl\u00f3rica chilena hasta la fusi\u00f3n musical propia de las corrientes sonoras urbanas de la regi\u00f3n de Valpara\u00edso. El conjunto ha editado los discos \u00a0Son de Colores\u00a0(Fondart, 2014) [&hellip;]<\/p>\n","protected":false},"author":5,"featured_media":13106,"comment_status":"open","ping_status":"open","sticky":false,"template":"","format":"standard","meta":{"site-sidebar-layout":"default","site-content-layout":"","ast-site-content-layout":"default","site-content-style":"default","site-sidebar-style":"default","ast-global-header-display":"","ast-banner-title-visibility":"","ast-main-header-display":"","ast-hfb-above-header-display":"","ast-hfb-below-header-display":"","ast-hfb-mobile-header-display":"","site-post-title":"","ast-breadcrumbs-content":"","ast-featured-img":"","footer-sml-layout":"","theme-transparent-header-meta":"","adv-header-id-meta":"","stick-header-meta":"","header-above-stick-meta":"","header-main-stick-meta":"","header-below-stick-meta":"","astra-migrate-meta-layouts":"default","ast-page-background-enabled":"default","ast-page-background-meta":{"desktop":{"background-color":"var(--ast-global-color-4)","background-image":"","background-repeat":"repeat","background-position":"center center","background-size":"auto","background-attachment":"scroll","background-type":"","background-media":"","overlay-type":"","overlay-color":"","overlay-opacity":"","overlay-gradient":""},"tablet":{"background-color":"","background-image":"","background-repeat":"repeat","background-position":"center center","background-size":"auto","background-attachment":"scroll","background-type":"","background-media":"","overlay-type":"","overlay-color":"","overlay-opacity":"","overlay-gradient":""},"mobile":{"background-color":"","background-image":"","background-repeat":"repeat","background-position":"center center","background-size":"auto","background-attachment":"scroll","background-type":"","background-media":"","overlay-type":"","overlay-color":"","overlay-opacity":"","overlay-gradient":""}},"ast-content-background-meta":{"desktop":{"background-color":"var(--ast-global-color-5)","background-image":"","background-repeat":"repeat","background-position":"center center","background-size":"auto","background-attachment":"scroll","background-type":"","background-media":"","overlay-type":"","overlay-color":"","overlay-opacity":"","overlay-gradient":""},"tablet":{"background-color":"var(--ast-global-color-5)","background-image":"","background-repeat":"repeat","background-position":"center center","background-size":"auto","background-attachment":"scroll","background-type":"","background-media":"","overlay-type":"","overlay-color":"","overlay-opacity":"","overlay-gradient":""},"mobile":{"background-color":"var(--ast-global-color-5)","background-image":"","background-repeat":"repeat","background-position":"center center","background-size":"auto","background-attachment":"scroll","background-type":"","background-media":"","overlay-type":"","overlay-color":"","overlay-opacity":"","overlay-gradient":""}},"footnotes":""},"categories":[59,8,61],"tags":[],"class_list":["post-9469","post","type-post","status-publish","format-standard","has-post-thumbnail","hentry","category-destacado-noticia","category-noticias","category-novedades"],"yoast_head":"<!-- This site is optimized with the Yoast SEO plugin v25.4 - https:\/\/yoast.com\/wordpress\/plugins\/seo\/ -->\n<title>Felipe Laborde y tr\u00edo se presentaron en Museo Violeta Parra - Museo Violeta Parra<\/title>\n<meta name=\"robots\" content=\"index, follow, max-snippet:-1, max-image-preview:large, max-video-preview:-1\" \/>\n<link rel=\"canonical\" href=\"http:\/\/vientosur.top\/museo\/reserva-entrada-gratis-felipe-laborde-trio-se-presentan-este-sabado-museo-violeta-parra\/\" \/>\n<meta property=\"og:locale\" content=\"es_ES\" \/>\n<meta property=\"og:type\" content=\"article\" \/>\n<meta property=\"og:title\" content=\"Felipe Laborde y tr\u00edo se presentaron en Museo Violeta Parra - Museo Violeta Parra\" \/>\n<meta property=\"og:description\" content=\"El s\u00e1bado 13 de enero a las 16:00 horas se present\u00f3 en Sala Antar la agrupaci\u00f3n musical del compositor Felipe Laborde, cuyo trabajo se gesta desde la ra\u00edz folcl\u00f3rica chilena hasta la fusi\u00f3n musical propia de las corrientes sonoras urbanas de la regi\u00f3n de Valpara\u00edso. El conjunto ha editado los discos \u00a0Son de Colores\u00a0(Fondart, 2014) [&hellip;]\" \/>\n<meta property=\"og:url\" content=\"http:\/\/vientosur.top\/museo\/reserva-entrada-gratis-felipe-laborde-trio-se-presentan-este-sabado-museo-violeta-parra\/\" \/>\n<meta property=\"og:site_name\" content=\"Museo Violeta Parra\" \/>\n<meta property=\"article:published_time\" content=\"2018-01-08T16:15:18+00:00\" \/>\n<meta property=\"og:image\" content=\"http:\/\/vientosur.top\/museo\/wp-content\/uploads\/2018\/01\/DSC_0031-scaled.jpg\" \/>\n\t<meta property=\"og:image:width\" content=\"2560\" \/>\n\t<meta property=\"og:image:height\" content=\"1702\" \/>\n\t<meta property=\"og:image:type\" content=\"image\/jpeg\" \/>\n<meta name=\"author\" content=\"admin\" \/>\n<meta name=\"twitter:card\" content=\"summary_large_image\" \/>\n<meta name=\"twitter:label1\" content=\"Escrito por\" \/>\n\t<meta name=\"twitter:data1\" content=\"admin\" \/>\n\t<meta name=\"twitter:label2\" content=\"Tiempo de lectura\" \/>\n\t<meta name=\"twitter:data2\" content=\"1 minuto\" \/>\n<script type=\"application\/ld+json\" class=\"yoast-schema-graph\">{\"@context\":\"https:\/\/schema.org\",\"@graph\":[{\"@type\":\"WebPage\",\"@id\":\"http:\/\/vientosur.top\/museo\/reserva-entrada-gratis-felipe-laborde-trio-se-presentan-este-sabado-museo-violeta-parra\/\",\"url\":\"http:\/\/vientosur.top\/museo\/reserva-entrada-gratis-felipe-laborde-trio-se-presentan-este-sabado-museo-violeta-parra\/\",\"name\":\"Felipe Laborde y tr\u00edo se presentaron en Museo Violeta Parra - Museo Violeta Parra\",\"isPartOf\":{\"@id\":\"http:\/\/vientosur.top\/museo\/#website\"},\"primaryImageOfPage\":{\"@id\":\"http:\/\/vientosur.top\/museo\/reserva-entrada-gratis-felipe-laborde-trio-se-presentan-este-sabado-museo-violeta-parra\/#primaryimage\"},\"image\":{\"@id\":\"http:\/\/vientosur.top\/museo\/reserva-entrada-gratis-felipe-laborde-trio-se-presentan-este-sabado-museo-violeta-parra\/#primaryimage\"},\"thumbnailUrl\":\"http:\/\/vientosur.top\/museo\/wp-content\/uploads\/2018\/01\/DSC_0031-scaled.jpg\",\"datePublished\":\"2018-01-08T16:15:18+00:00\",\"author\":{\"@id\":\"http:\/\/vientosur.top\/museo\/#\/schema\/person\/20c79d3c38800971feec8c2693c3dd9c\"},\"breadcrumb\":{\"@id\":\"http:\/\/vientosur.top\/museo\/reserva-entrada-gratis-felipe-laborde-trio-se-presentan-este-sabado-museo-violeta-parra\/#breadcrumb\"},\"inLanguage\":\"es\",\"potentialAction\":[{\"@type\":\"ReadAction\",\"target\":[\"http:\/\/vientosur.top\/museo\/reserva-entrada-gratis-felipe-laborde-trio-se-presentan-este-sabado-museo-violeta-parra\/\"]}]},{\"@type\":\"ImageObject\",\"inLanguage\":\"es\",\"@id\":\"http:\/\/vientosur.top\/museo\/reserva-entrada-gratis-felipe-laborde-trio-se-presentan-este-sabado-museo-violeta-parra\/#primaryimage\",\"url\":\"http:\/\/vientosur.top\/museo\/wp-content\/uploads\/2018\/01\/DSC_0031-scaled.jpg\",\"contentUrl\":\"http:\/\/vientosur.top\/museo\/wp-content\/uploads\/2018\/01\/DSC_0031-scaled.jpg\",\"width\":2560,\"height\":1702},{\"@type\":\"BreadcrumbList\",\"@id\":\"http:\/\/vientosur.top\/museo\/reserva-entrada-gratis-felipe-laborde-trio-se-presentan-este-sabado-museo-violeta-parra\/#breadcrumb\",\"itemListElement\":[{\"@type\":\"ListItem\",\"position\":1,\"name\":\"Portada\",\"item\":\"http:\/\/vientosur.top\/museo\/\"},{\"@type\":\"ListItem\",\"position\":2,\"name\":\"Felipe Laborde y tr\u00edo se presentaron en Museo Violeta Parra\"}]},{\"@type\":\"WebSite\",\"@id\":\"http:\/\/vientosur.top\/museo\/#website\",\"url\":\"http:\/\/vientosur.top\/museo\/\",\"name\":\"Museo Violeta Parra\",\"description\":\"Espacio que alberga tanto la memoria y legado creativo de la artista\",\"potentialAction\":[{\"@type\":\"SearchAction\",\"target\":{\"@type\":\"EntryPoint\",\"urlTemplate\":\"http:\/\/vientosur.top\/museo\/?s={search_term_string}\"},\"query-input\":{\"@type\":\"PropertyValueSpecification\",\"valueRequired\":true,\"valueName\":\"search_term_string\"}}],\"inLanguage\":\"es\"},{\"@type\":\"Person\",\"@id\":\"http:\/\/vientosur.top\/museo\/#\/schema\/person\/20c79d3c38800971feec8c2693c3dd9c\",\"name\":\"admin\",\"image\":{\"@type\":\"ImageObject\",\"inLanguage\":\"es\",\"@id\":\"http:\/\/vientosur.top\/museo\/#\/schema\/person\/image\/\",\"url\":\"https:\/\/secure.gravatar.com\/avatar\/713677ece3ffa642287213a80e5b773bce9ab81c269dd6d95102a990951c922f?s=96&d=mm&r=g\",\"contentUrl\":\"https:\/\/secure.gravatar.com\/avatar\/713677ece3ffa642287213a80e5b773bce9ab81c269dd6d95102a990951c922f?s=96&d=mm&r=g\",\"caption\":\"admin\"},\"sameAs\":[\"http:\/\/vientosur.top\/museo\"],\"url\":\"http:\/\/vientosur.top\/museo\/author\/comunicacionesmvp\/\"}]}<\/script>\n<!-- \/ Yoast SEO plugin. -->","yoast_head_json":{"title":"Felipe Laborde y tr\u00edo se presentaron en Museo Violeta Parra - Museo Violeta Parra","robots":{"index":"index","follow":"follow","max-snippet":"max-snippet:-1","max-image-preview":"max-image-preview:large","max-video-preview":"max-video-preview:-1"},"canonical":"http:\/\/vientosur.top\/museo\/reserva-entrada-gratis-felipe-laborde-trio-se-presentan-este-sabado-museo-violeta-parra\/","og_locale":"es_ES","og_type":"article","og_title":"Felipe Laborde y tr\u00edo se presentaron en Museo Violeta Parra - Museo Violeta Parra","og_description":"El s\u00e1bado 13 de enero a las 16:00 horas se present\u00f3 en Sala Antar la agrupaci\u00f3n musical del compositor Felipe Laborde, cuyo trabajo se gesta desde la ra\u00edz folcl\u00f3rica chilena hasta la fusi\u00f3n musical propia de las corrientes sonoras urbanas de la regi\u00f3n de Valpara\u00edso. El conjunto ha editado los discos \u00a0Son de Colores\u00a0(Fondart, 2014) [&hellip;]","og_url":"http:\/\/vientosur.top\/museo\/reserva-entrada-gratis-felipe-laborde-trio-se-presentan-este-sabado-museo-violeta-parra\/","og_site_name":"Museo Violeta Parra","article_published_time":"2018-01-08T16:15:18+00:00","og_image":[{"width":2560,"height":1702,"url":"http:\/\/vientosur.top\/museo\/wp-content\/uploads\/2018\/01\/DSC_0031-scaled.jpg","type":"image\/jpeg"}],"author":"admin","twitter_card":"summary_large_image","twitter_misc":{"Escrito por":"admin","Tiempo de lectura":"1 minuto"},"schema":{"@context":"https:\/\/schema.org","@graph":[{"@type":"WebPage","@id":"http:\/\/vientosur.top\/museo\/reserva-entrada-gratis-felipe-laborde-trio-se-presentan-este-sabado-museo-violeta-parra\/","url":"http:\/\/vientosur.top\/museo\/reserva-entrada-gratis-felipe-laborde-trio-se-presentan-este-sabado-museo-violeta-parra\/","name":"Felipe Laborde y tr\u00edo se presentaron en Museo Violeta Parra - Museo Violeta Parra","isPartOf":{"@id":"http:\/\/vientosur.top\/museo\/#website"},"primaryImageOfPage":{"@id":"http:\/\/vientosur.top\/museo\/reserva-entrada-gratis-felipe-laborde-trio-se-presentan-este-sabado-museo-violeta-parra\/#primaryimage"},"image":{"@id":"http:\/\/vientosur.top\/museo\/reserva-entrada-gratis-felipe-laborde-trio-se-presentan-este-sabado-museo-violeta-parra\/#primaryimage"},"thumbnailUrl":"http:\/\/vientosur.top\/museo\/wp-content\/uploads\/2018\/01\/DSC_0031-scaled.jpg","datePublished":"2018-01-08T16:15:18+00:00","author":{"@id":"http:\/\/vientosur.top\/museo\/#\/schema\/person\/20c79d3c38800971feec8c2693c3dd9c"},"breadcrumb":{"@id":"http:\/\/vientosur.top\/museo\/reserva-entrada-gratis-felipe-laborde-trio-se-presentan-este-sabado-museo-violeta-parra\/#breadcrumb"},"inLanguage":"es","potentialAction":[{"@type":"ReadAction","target":["http:\/\/vientosur.top\/museo\/reserva-entrada-gratis-felipe-laborde-trio-se-presentan-este-sabado-museo-violeta-parra\/"]}]},{"@type":"ImageObject","inLanguage":"es","@id":"http:\/\/vientosur.top\/museo\/reserva-entrada-gratis-felipe-laborde-trio-se-presentan-este-sabado-museo-violeta-parra\/#primaryimage","url":"http:\/\/vientosur.top\/museo\/wp-content\/uploads\/2018\/01\/DSC_0031-scaled.jpg","contentUrl":"http:\/\/vientosur.top\/museo\/wp-content\/uploads\/2018\/01\/DSC_0031-scaled.jpg","width":2560,"height":1702},{"@type":"BreadcrumbList","@id":"http:\/\/vientosur.top\/museo\/reserva-entrada-gratis-felipe-laborde-trio-se-presentan-este-sabado-museo-violeta-parra\/#breadcrumb","itemListElement":[{"@type":"ListItem","position":1,"name":"Portada","item":"http:\/\/vientosur.top\/museo\/"},{"@type":"ListItem","position":2,"name":"Felipe Laborde y tr\u00edo se presentaron en Museo Violeta Parra"}]},{"@type":"WebSite","@id":"http:\/\/vientosur.top\/museo\/#website","url":"http:\/\/vientosur.top\/museo\/","name":"Museo Violeta Parra","description":"Espacio que alberga tanto la memoria y legado creativo de la artista","potentialAction":[{"@type":"SearchAction","target":{"@type":"EntryPoint","urlTemplate":"http:\/\/vientosur.top\/museo\/?s={search_term_string}"},"query-input":{"@type":"PropertyValueSpecification","valueRequired":true,"valueName":"search_term_string"}}],"inLanguage":"es"},{"@type":"Person","@id":"http:\/\/vientosur.top\/museo\/#\/schema\/person\/20c79d3c38800971feec8c2693c3dd9c","name":"admin","image":{"@type":"ImageObject","inLanguage":"es","@id":"http:\/\/vientosur.top\/museo\/#\/schema\/person\/image\/","url":"https:\/\/secure.gravatar.com\/avatar\/713677ece3ffa642287213a80e5b773bce9ab81c269dd6d95102a990951c922f?s=96&d=mm&r=g","contentUrl":"https:\/\/secure.gravatar.com\/avatar\/713677ece3ffa642287213a80e5b773bce9ab81c269dd6d95102a990951c922f?s=96&d=mm&r=g","caption":"admin"},"sameAs":["http:\/\/vientosur.top\/museo"],"url":"http:\/\/vientosur.top\/museo\/author\/comunicacionesmvp\/"}]}},"_links":{"self":[{"href":"http:\/\/vientosur.top\/museo\/wp-json\/wp\/v2\/posts\/9469","targetHints":{"allow":["GET"]}}],"collection":[{"href":"http:\/\/vientosur.top\/museo\/wp-json\/wp\/v2\/posts"}],"about":[{"href":"http:\/\/vientosur.top\/museo\/wp-json\/wp\/v2\/types\/post"}],"author":[{"embeddable":true,"href":"http:\/\/vientosur.top\/museo\/wp-json\/wp\/v2\/users\/5"}],"replies":[{"embeddable":true,"href":"http:\/\/vientosur.top\/museo\/wp-json\/wp\/v2\/comments?post=9469"}],"version-history":[{"count":0,"href":"http:\/\/vientosur.top\/museo\/wp-json\/wp\/v2\/posts\/9469\/revisions"}],"wp:featuredmedia":[{"embeddable":true,"href":"http:\/\/vientosur.top\/museo\/wp-json\/wp\/v2\/media\/13106"}],"wp:attachment":[{"href":"http:\/\/vientosur.top\/museo\/wp-json\/wp\/v2\/media?parent=9469"}],"wp:term":[{"taxonomy":"category","embeddable":true,"href":"http:\/\/vientosur.top\/museo\/wp-json\/wp\/v2\/categories?post=9469"},{"taxonomy":"post_tag","embeddable":true,"href":"http:\/\/vientosur.top\/museo\/wp-json\/wp\/v2\/tags?post=9469"}],"curies":[{"name":"wp","href":"https:\/\/api.w.org\/{rel}","templated":true}]}}