{"id":948,"date":"2016-03-22T13:49:17","date_gmt":"2016-03-22T13:49:17","guid":{"rendered":"http:\/\/vientosur.top\/museo\/\/?p=948"},"modified":"2016-03-22T13:49:17","modified_gmt":"2016-03-22T13:49:17","slug":"museo-violeta-parra-y-casa-darte-de-maranhao-realizan-intercambio-cultural","status":"publish","type":"post","link":"http:\/\/vientosur.top\/museo\/museo-violeta-parra-y-casa-darte-de-maranhao-realizan-intercambio-cultural\/","title":{"rendered":"Museo Violeta Parra y Casa D\u2019Arte de Maranhao realizan intercambio cultural"},"content":{"rendered":"<ul>\n<li><strong><em>En ese marco, la directora de la entidad cultural brasile\u00f1a comentar\u00e1 su experiencia en gesti\u00f3n cultural y dar\u00e1 paso a una presentaci\u00f3n musical del m\u00fasico y poeta Luis Lima.<\/em><\/strong><\/li>\n<\/ul>\n<p><!--more--><\/p>\n<p>La Casa D\u2019Arte del estado de Maranhao, Brasil, y el Museo Violeta Parra llevar\u00e1n a cabo un intercambio cultural este domingo 27 de marzo a las 16:00 horas en el Auditorio Antar.<\/p>\n<p>En la oportunidad, la directora de la Casa D\u2019Arte, Luzenice Macedo, comentar\u00e1 su experiencia en gesti\u00f3n cultural al interior de la entidad, ubicada en el municipio de Raposa, regi\u00f3n de Sao Luis, estado de Maranhao.<\/p>\n<p>Posteriormente, se presentar\u00e1 el cantante, compositor y poeta, Luis Lima, quien mostrar\u00e1 su m\u00fasica y su poemario \u201cPalabras de Usher\u201d.<\/p>\n<p>El intercambio se produce luego que hace dos a\u00f1os, la cantante chilena y nieta de Violeta Parra, Tita, llegara a Maranhao a participar de la experiencia art\u00edstica y el espect\u00e1culo musical montado para la inauguraci\u00f3n de la Casa d\u2019Art.<\/p>\n<p>Adem\u00e1s, particip\u00f3 del primer aniversario de Casa d\u2019Arte en agosto de 2015.<\/p>\n<p>El relato y la posterior presentaci\u00f3n musical son gratuitos, previo retiro de invitaciones en informaciones del Museo Violeta Parra (de martes a domingo de 09:30 a 18:00 horas).<\/p>\n","protected":false},"excerpt":{"rendered":"<p>En ese marco, la directora de la entidad cultural brasile\u00f1a comentar\u00e1 su experiencia en gesti\u00f3n cultural y dar\u00e1 paso a una presentaci\u00f3n musical del m\u00fasico y poeta Luis Lima.<\/p>\n","protected":false},"author":5,"featured_media":949,"comment_status":"open","ping_status":"open","sticky":false,"template":"","format":"standard","meta":{"site-sidebar-layout":"default","site-content-layout":"","ast-site-content-layout":"default","site-content-style":"default","site-sidebar-style":"default","ast-global-header-display":"","ast-banner-title-visibility":"","ast-main-header-display":"","ast-hfb-above-header-display":"","ast-hfb-below-header-display":"","ast-hfb-mobile-header-display":"","site-post-title":"","ast-breadcrumbs-content":"","ast-featured-img":"","footer-sml-layout":"","theme-transparent-header-meta":"","adv-header-id-meta":"","stick-header-meta":"","header-above-stick-meta":"","header-main-stick-meta":"","header-below-stick-meta":"","astra-migrate-meta-layouts":"default","ast-page-background-enabled":"default","ast-page-background-meta":{"desktop":{"background-color":"var(--ast-global-color-4)","background-image":"","background-repeat":"repeat","background-position":"center center","background-size":"auto","background-attachment":"scroll","background-type":"","background-media":"","overlay-type":"","overlay-color":"","overlay-opacity":"","overlay-gradient":""},"tablet":{"background-color":"","background-image":"","background-repeat":"repeat","background-position":"center center","background-size":"auto","background-attachment":"scroll","background-type":"","background-media":"","overlay-type":"","overlay-color":"","overlay-opacity":"","overlay-gradient":""},"mobile":{"background-color":"","background-image":"","background-repeat":"repeat","background-position":"center center","background-size":"auto","background-attachment":"scroll","background-type":"","background-media":"","overlay-type":"","overlay-color":"","overlay-opacity":"","overlay-gradient":""}},"ast-content-background-meta":{"desktop":{"background-color":"var(--ast-global-color-5)","background-image":"","background-repeat":"repeat","background-position":"center center","background-size":"auto","background-attachment":"scroll","background-type":"","background-media":"","overlay-type":"","overlay-color":"","overlay-opacity":"","overlay-gradient":""},"tablet":{"background-color":"var(--ast-global-color-5)","background-image":"","background-repeat":"repeat","background-position":"center center","background-size":"auto","background-attachment":"scroll","background-type":"","background-media":"","overlay-type":"","overlay-color":"","overlay-opacity":"","overlay-gradient":""},"mobile":{"background-color":"var(--ast-global-color-5)","background-image":"","background-repeat":"repeat","background-position":"center center","background-size":"auto","background-attachment":"scroll","background-type":"","background-media":"","overlay-type":"","overlay-color":"","overlay-opacity":"","overlay-gradient":""}},"footnotes":""},"categories":[8],"tags":[66],"class_list":["post-948","post","type-post","status-publish","format-standard","has-post-thumbnail","hentry","category-noticias","tag-auditorio-antar"],"yoast_head":"<!-- This site is optimized with the Yoast SEO plugin v25.4 - https:\/\/yoast.com\/wordpress\/plugins\/seo\/ -->\n<title>Museo Violeta Parra y Casa D\u2019Arte de Maranhao realizan intercambio cultural - Museo Violeta Parra<\/title>\n<meta name=\"robots\" content=\"index, follow, max-snippet:-1, max-image-preview:large, max-video-preview:-1\" \/>\n<link rel=\"canonical\" href=\"http:\/\/vientosur.top\/museo\/museo-violeta-parra-y-casa-darte-de-maranhao-realizan-intercambio-cultural\/\" \/>\n<meta property=\"og:locale\" content=\"es_ES\" \/>\n<meta property=\"og:type\" content=\"article\" \/>\n<meta property=\"og:title\" content=\"Museo Violeta Parra y Casa D\u2019Arte de Maranhao realizan intercambio cultural - Museo Violeta Parra\" \/>\n<meta property=\"og:description\" content=\"En ese marco, la directora de la entidad cultural brasile\u00f1a comentar\u00e1 su experiencia en gesti\u00f3n cultural y dar\u00e1 paso a una presentaci\u00f3n musical del m\u00fasico y poeta Luis Lima.\" \/>\n<meta property=\"og:url\" content=\"http:\/\/vientosur.top\/museo\/museo-violeta-parra-y-casa-darte-de-maranhao-realizan-intercambio-cultural\/\" \/>\n<meta property=\"og:site_name\" content=\"Museo Violeta Parra\" \/>\n<meta property=\"article:published_time\" content=\"2016-03-22T13:49:17+00:00\" \/>\n<meta property=\"og:image\" content=\"http:\/\/vientosur.top\/museo\/wp-content\/uploads\/2016\/03\/Luis-Lima-intercambio.jpg\" \/>\n\t<meta property=\"og:image:width\" content=\"2048\" \/>\n\t<meta property=\"og:image:height\" content=\"1536\" \/>\n\t<meta property=\"og:image:type\" content=\"image\/jpeg\" \/>\n<meta name=\"author\" content=\"admin\" \/>\n<meta name=\"twitter:card\" content=\"summary_large_image\" \/>\n<meta name=\"twitter:label1\" content=\"Escrito por\" \/>\n\t<meta name=\"twitter:data1\" content=\"admin\" \/>\n\t<meta name=\"twitter:label2\" content=\"Tiempo de lectura\" \/>\n\t<meta name=\"twitter:data2\" content=\"1 minuto\" \/>\n<script type=\"application\/ld+json\" class=\"yoast-schema-graph\">{\"@context\":\"https:\/\/schema.org\",\"@graph\":[{\"@type\":\"WebPage\",\"@id\":\"http:\/\/vientosur.top\/museo\/museo-violeta-parra-y-casa-darte-de-maranhao-realizan-intercambio-cultural\/\",\"url\":\"http:\/\/vientosur.top\/museo\/museo-violeta-parra-y-casa-darte-de-maranhao-realizan-intercambio-cultural\/\",\"name\":\"Museo Violeta Parra y Casa D\u2019Arte de Maranhao realizan intercambio cultural - Museo Violeta Parra\",\"isPartOf\":{\"@id\":\"http:\/\/vientosur.top\/museo\/#website\"},\"primaryImageOfPage\":{\"@id\":\"http:\/\/vientosur.top\/museo\/museo-violeta-parra-y-casa-darte-de-maranhao-realizan-intercambio-cultural\/#primaryimage\"},\"image\":{\"@id\":\"http:\/\/vientosur.top\/museo\/museo-violeta-parra-y-casa-darte-de-maranhao-realizan-intercambio-cultural\/#primaryimage\"},\"thumbnailUrl\":\"http:\/\/vientosur.top\/museo\/wp-content\/uploads\/2016\/03\/Luis-Lima-intercambio.jpg\",\"datePublished\":\"2016-03-22T13:49:17+00:00\",\"author\":{\"@id\":\"http:\/\/vientosur.top\/museo\/#\/schema\/person\/20c79d3c38800971feec8c2693c3dd9c\"},\"breadcrumb\":{\"@id\":\"http:\/\/vientosur.top\/museo\/museo-violeta-parra-y-casa-darte-de-maranhao-realizan-intercambio-cultural\/#breadcrumb\"},\"inLanguage\":\"es\",\"potentialAction\":[{\"@type\":\"ReadAction\",\"target\":[\"http:\/\/vientosur.top\/museo\/museo-violeta-parra-y-casa-darte-de-maranhao-realizan-intercambio-cultural\/\"]}]},{\"@type\":\"ImageObject\",\"inLanguage\":\"es\",\"@id\":\"http:\/\/vientosur.top\/museo\/museo-violeta-parra-y-casa-darte-de-maranhao-realizan-intercambio-cultural\/#primaryimage\",\"url\":\"http:\/\/vientosur.top\/museo\/wp-content\/uploads\/2016\/03\/Luis-Lima-intercambio.jpg\",\"contentUrl\":\"http:\/\/vientosur.top\/museo\/wp-content\/uploads\/2016\/03\/Luis-Lima-intercambio.jpg\",\"width\":2048,\"height\":1536},{\"@type\":\"BreadcrumbList\",\"@id\":\"http:\/\/vientosur.top\/museo\/museo-violeta-parra-y-casa-darte-de-maranhao-realizan-intercambio-cultural\/#breadcrumb\",\"itemListElement\":[{\"@type\":\"ListItem\",\"position\":1,\"name\":\"Portada\",\"item\":\"http:\/\/vientosur.top\/museo\/\"},{\"@type\":\"ListItem\",\"position\":2,\"name\":\"Museo Violeta Parra y Casa D\u2019Arte de Maranhao realizan intercambio cultural\"}]},{\"@type\":\"WebSite\",\"@id\":\"http:\/\/vientosur.top\/museo\/#website\",\"url\":\"http:\/\/vientosur.top\/museo\/\",\"name\":\"Museo Violeta Parra\",\"description\":\"Espacio que alberga tanto la memoria y legado creativo de la artista\",\"potentialAction\":[{\"@type\":\"SearchAction\",\"target\":{\"@type\":\"EntryPoint\",\"urlTemplate\":\"http:\/\/vientosur.top\/museo\/?s={search_term_string}\"},\"query-input\":{\"@type\":\"PropertyValueSpecification\",\"valueRequired\":true,\"valueName\":\"search_term_string\"}}],\"inLanguage\":\"es\"},{\"@type\":\"Person\",\"@id\":\"http:\/\/vientosur.top\/museo\/#\/schema\/person\/20c79d3c38800971feec8c2693c3dd9c\",\"name\":\"admin\",\"image\":{\"@type\":\"ImageObject\",\"inLanguage\":\"es\",\"@id\":\"http:\/\/vientosur.top\/museo\/#\/schema\/person\/image\/\",\"url\":\"https:\/\/secure.gravatar.com\/avatar\/713677ece3ffa642287213a80e5b773bce9ab81c269dd6d95102a990951c922f?s=96&d=mm&r=g\",\"contentUrl\":\"https:\/\/secure.gravatar.com\/avatar\/713677ece3ffa642287213a80e5b773bce9ab81c269dd6d95102a990951c922f?s=96&d=mm&r=g\",\"caption\":\"admin\"},\"sameAs\":[\"http:\/\/vientosur.top\/museo\"],\"url\":\"http:\/\/vientosur.top\/museo\/author\/comunicacionesmvp\/\"}]}<\/script>\n<!-- \/ Yoast SEO plugin. -->","yoast_head_json":{"title":"Museo Violeta Parra y Casa D\u2019Arte de Maranhao realizan intercambio cultural - Museo Violeta Parra","robots":{"index":"index","follow":"follow","max-snippet":"max-snippet:-1","max-image-preview":"max-image-preview:large","max-video-preview":"max-video-preview:-1"},"canonical":"http:\/\/vientosur.top\/museo\/museo-violeta-parra-y-casa-darte-de-maranhao-realizan-intercambio-cultural\/","og_locale":"es_ES","og_type":"article","og_title":"Museo Violeta Parra y Casa D\u2019Arte de Maranhao realizan intercambio cultural - Museo Violeta Parra","og_description":"En ese marco, la directora de la entidad cultural brasile\u00f1a comentar\u00e1 su experiencia en gesti\u00f3n cultural y dar\u00e1 paso a una presentaci\u00f3n musical del m\u00fasico y poeta Luis Lima.","og_url":"http:\/\/vientosur.top\/museo\/museo-violeta-parra-y-casa-darte-de-maranhao-realizan-intercambio-cultural\/","og_site_name":"Museo Violeta Parra","article_published_time":"2016-03-22T13:49:17+00:00","og_image":[{"width":2048,"height":1536,"url":"http:\/\/vientosur.top\/museo\/wp-content\/uploads\/2016\/03\/Luis-Lima-intercambio.jpg","type":"image\/jpeg"}],"author":"admin","twitter_card":"summary_large_image","twitter_misc":{"Escrito por":"admin","Tiempo de lectura":"1 minuto"},"schema":{"@context":"https:\/\/schema.org","@graph":[{"@type":"WebPage","@id":"http:\/\/vientosur.top\/museo\/museo-violeta-parra-y-casa-darte-de-maranhao-realizan-intercambio-cultural\/","url":"http:\/\/vientosur.top\/museo\/museo-violeta-parra-y-casa-darte-de-maranhao-realizan-intercambio-cultural\/","name":"Museo Violeta Parra y Casa D\u2019Arte de Maranhao realizan intercambio cultural - Museo Violeta Parra","isPartOf":{"@id":"http:\/\/vientosur.top\/museo\/#website"},"primaryImageOfPage":{"@id":"http:\/\/vientosur.top\/museo\/museo-violeta-parra-y-casa-darte-de-maranhao-realizan-intercambio-cultural\/#primaryimage"},"image":{"@id":"http:\/\/vientosur.top\/museo\/museo-violeta-parra-y-casa-darte-de-maranhao-realizan-intercambio-cultural\/#primaryimage"},"thumbnailUrl":"http:\/\/vientosur.top\/museo\/wp-content\/uploads\/2016\/03\/Luis-Lima-intercambio.jpg","datePublished":"2016-03-22T13:49:17+00:00","author":{"@id":"http:\/\/vientosur.top\/museo\/#\/schema\/person\/20c79d3c38800971feec8c2693c3dd9c"},"breadcrumb":{"@id":"http:\/\/vientosur.top\/museo\/museo-violeta-parra-y-casa-darte-de-maranhao-realizan-intercambio-cultural\/#breadcrumb"},"inLanguage":"es","potentialAction":[{"@type":"ReadAction","target":["http:\/\/vientosur.top\/museo\/museo-violeta-parra-y-casa-darte-de-maranhao-realizan-intercambio-cultural\/"]}]},{"@type":"ImageObject","inLanguage":"es","@id":"http:\/\/vientosur.top\/museo\/museo-violeta-parra-y-casa-darte-de-maranhao-realizan-intercambio-cultural\/#primaryimage","url":"http:\/\/vientosur.top\/museo\/wp-content\/uploads\/2016\/03\/Luis-Lima-intercambio.jpg","contentUrl":"http:\/\/vientosur.top\/museo\/wp-content\/uploads\/2016\/03\/Luis-Lima-intercambio.jpg","width":2048,"height":1536},{"@type":"BreadcrumbList","@id":"http:\/\/vientosur.top\/museo\/museo-violeta-parra-y-casa-darte-de-maranhao-realizan-intercambio-cultural\/#breadcrumb","itemListElement":[{"@type":"ListItem","position":1,"name":"Portada","item":"http:\/\/vientosur.top\/museo\/"},{"@type":"ListItem","position":2,"name":"Museo Violeta Parra y Casa D\u2019Arte de Maranhao realizan intercambio cultural"}]},{"@type":"WebSite","@id":"http:\/\/vientosur.top\/museo\/#website","url":"http:\/\/vientosur.top\/museo\/","name":"Museo Violeta Parra","description":"Espacio que alberga tanto la memoria y legado creativo de la artista","potentialAction":[{"@type":"SearchAction","target":{"@type":"EntryPoint","urlTemplate":"http:\/\/vientosur.top\/museo\/?s={search_term_string}"},"query-input":{"@type":"PropertyValueSpecification","valueRequired":true,"valueName":"search_term_string"}}],"inLanguage":"es"},{"@type":"Person","@id":"http:\/\/vientosur.top\/museo\/#\/schema\/person\/20c79d3c38800971feec8c2693c3dd9c","name":"admin","image":{"@type":"ImageObject","inLanguage":"es","@id":"http:\/\/vientosur.top\/museo\/#\/schema\/person\/image\/","url":"https:\/\/secure.gravatar.com\/avatar\/713677ece3ffa642287213a80e5b773bce9ab81c269dd6d95102a990951c922f?s=96&d=mm&r=g","contentUrl":"https:\/\/secure.gravatar.com\/avatar\/713677ece3ffa642287213a80e5b773bce9ab81c269dd6d95102a990951c922f?s=96&d=mm&r=g","caption":"admin"},"sameAs":["http:\/\/vientosur.top\/museo"],"url":"http:\/\/vientosur.top\/museo\/author\/comunicacionesmvp\/"}]}},"_links":{"self":[{"href":"http:\/\/vientosur.top\/museo\/wp-json\/wp\/v2\/posts\/948","targetHints":{"allow":["GET"]}}],"collection":[{"href":"http:\/\/vientosur.top\/museo\/wp-json\/wp\/v2\/posts"}],"about":[{"href":"http:\/\/vientosur.top\/museo\/wp-json\/wp\/v2\/types\/post"}],"author":[{"embeddable":true,"href":"http:\/\/vientosur.top\/museo\/wp-json\/wp\/v2\/users\/5"}],"replies":[{"embeddable":true,"href":"http:\/\/vientosur.top\/museo\/wp-json\/wp\/v2\/comments?post=948"}],"version-history":[{"count":0,"href":"http:\/\/vientosur.top\/museo\/wp-json\/wp\/v2\/posts\/948\/revisions"}],"wp:featuredmedia":[{"embeddable":true,"href":"http:\/\/vientosur.top\/museo\/wp-json\/wp\/v2\/media\/949"}],"wp:attachment":[{"href":"http:\/\/vientosur.top\/museo\/wp-json\/wp\/v2\/media?parent=948"}],"wp:term":[{"taxonomy":"category","embeddable":true,"href":"http:\/\/vientosur.top\/museo\/wp-json\/wp\/v2\/categories?post=948"},{"taxonomy":"post_tag","embeddable":true,"href":"http:\/\/vientosur.top\/museo\/wp-json\/wp\/v2\/tags?post=948"}],"curies":[{"name":"wp","href":"https:\/\/api.w.org\/{rel}","templated":true}]}}