{"id":951,"date":"2016-03-23T13:33:36","date_gmt":"2016-03-23T13:33:36","guid":{"rendered":"http:\/\/vientosur.top\/museo\/\/?p=951"},"modified":"2016-03-23T13:33:36","modified_gmt":"2016-03-23T13:33:36","slug":"protagonistas-de-arpillera-la-cueca-bailan-en-animacion","status":"publish","type":"post","link":"http:\/\/vientosur.top\/museo\/protagonistas-de-arpillera-la-cueca-bailan-en-animacion\/","title":{"rendered":"Protagonistas de arpillera \u201cLa cueca\u201d bailan en animaci\u00f3n"},"content":{"rendered":"<ul>\n<li><strong><em>El clip llevaba un par de a\u00f1os guardado entre los archivos digitales de su creador, Roberto Armijo, quien tras visitar el Museo record\u00f3 su existencia y decidi\u00f3 compartirla con el Museo.<\/em><\/strong><\/li>\n<\/ul>\n<p><!--more--><\/p>\n<p>\u201cLa cueca\u201d, una de las arpilleras expuestas en la Sala Humana del Museo Violeta Parra, hoy cobra vida. Y lo hace en forma de animaci\u00f3n, una que fue creada por el visitante Roberto Armijo, quien la considera un \u201cregalo\u201d para este espacio cultural y para la propia Violeta.<\/p>\n<p>\u201cReconozco en Violeta Parra a una artista completa, una mujer-dios-maga integrada en todas sus dimensiones creadoras: humanas, divinas, musicales, po\u00e9ticas, pajar\u00edsticas y pict\u00f3ricas\u201d, dice el hombre tras la denominada \u201cAnticueca\u201d, que muestra c\u00f3mo los dos protagonistas de la obra se mueven al son de la m\u00fasica de la multifac\u00e9tica creadora.<\/p>\n<p>Y ese respeto y admiraci\u00f3n no es s\u00f3lo hacia la cantautora que homenajea este museo. \u201cPara m\u00ed la Violeta junto a Nicanor y Roberto son el triunvirato creativo m\u00e1ximo nacional\u201d, afirma.<\/p>\n<p>\u201cJuntos son como la savia m\u00e1s pura y aut\u00e9ntica del folclor po\u00e9tico chileno. Son la representaci\u00f3n condensada del alma criolla en versos, arpilleras, antipoemas, anticuecas, cuecas choras, obras de teatro y etc\u00e9teras que nacen y crecen con una creatividad interminables desde este gran parr\u00f3n familiar\u201d, agrega.<\/p>\n<p>Es en ese sentido que Armijo considera un \u201cdeber nacional el reconocer ese valor, la importancia de Violeta y la historia de su clan familiar completo, porque ah\u00ed habita la sangre que hemos perdido tras los smartphones y el alma dormida que gobierna este mundo deshumanizado\u201d.<\/p>\n<p>Para Armijo, hoy se debe \u201creconocer la historia y rescatar la tradici\u00f3n\u201d del pa\u00eds y \u201cvolver a mirar los rostros y versos del pasado\u201d, como la propia Violeta hizo al salir en b\u00fasqueda de los cantos campesinos de anta\u00f1o.<\/p>\n<p>A su juicio, no se deben \u201colvidar esas voces que nos recuerdan que el arte nunca muere, y que en el fondo\u00a0 todos somos artistas, pero no todos elegimos serlo. Que el futuro comienza aqu\u00ed y ahora, pero que la \u00fanica forma que vale la pena vivirlo es con resiliencia y pasi\u00f3n. Violeta es el m\u00e1s claro ejemplo de ello y de ah\u00ed en m\u00e1s mi sincero respeto y admiraci\u00f3n\u201d.<\/p>\n<p>La animaci\u00f3n llevaba un par de a\u00f1os guardada entre los archivos digitales de Armijo quien, tras visitar el Museo, record\u00f3 su existencia y decidi\u00f3 compartirla.<\/p>\n<p>Aqu\u00ed puedes ver la animaci\u00f3n<\/p>\n<p><iframe src=\"https:\/\/www.youtube.com\/embed\/waOVxv6Ll54?rel=0&amp;showinfo=0\" width=\"560\" height=\"315\" frameborder=\"0\" allowfullscreen=\"allowfullscreen\"><\/iframe><\/p>\n","protected":false},"excerpt":{"rendered":"<p>El clip llevaba un par de a\u00f1os guardado entre los archivos digitales de su creador, Roberto Armijo, quien tras visitar el Museo record\u00f3 su existencia y decidi\u00f3 compartirla con el Museo.<\/p>\n","protected":false},"author":5,"featured_media":952,"comment_status":"open","ping_status":"open","sticky":false,"template":"","format":"standard","meta":{"site-sidebar-layout":"default","site-content-layout":"","ast-site-content-layout":"default","site-content-style":"default","site-sidebar-style":"default","ast-global-header-display":"","ast-banner-title-visibility":"","ast-main-header-display":"","ast-hfb-above-header-display":"","ast-hfb-below-header-display":"","ast-hfb-mobile-header-display":"","site-post-title":"","ast-breadcrumbs-content":"","ast-featured-img":"","footer-sml-layout":"","theme-transparent-header-meta":"","adv-header-id-meta":"","stick-header-meta":"","header-above-stick-meta":"","header-main-stick-meta":"","header-below-stick-meta":"","astra-migrate-meta-layouts":"default","ast-page-background-enabled":"default","ast-page-background-meta":{"desktop":{"background-color":"var(--ast-global-color-4)","background-image":"","background-repeat":"repeat","background-position":"center center","background-size":"auto","background-attachment":"scroll","background-type":"","background-media":"","overlay-type":"","overlay-color":"","overlay-opacity":"","overlay-gradient":""},"tablet":{"background-color":"","background-image":"","background-repeat":"repeat","background-position":"center center","background-size":"auto","background-attachment":"scroll","background-type":"","background-media":"","overlay-type":"","overlay-color":"","overlay-opacity":"","overlay-gradient":""},"mobile":{"background-color":"","background-image":"","background-repeat":"repeat","background-position":"center center","background-size":"auto","background-attachment":"scroll","background-type":"","background-media":"","overlay-type":"","overlay-color":"","overlay-opacity":"","overlay-gradient":""}},"ast-content-background-meta":{"desktop":{"background-color":"var(--ast-global-color-5)","background-image":"","background-repeat":"repeat","background-position":"center center","background-size":"auto","background-attachment":"scroll","background-type":"","background-media":"","overlay-type":"","overlay-color":"","overlay-opacity":"","overlay-gradient":""},"tablet":{"background-color":"var(--ast-global-color-5)","background-image":"","background-repeat":"repeat","background-position":"center center","background-size":"auto","background-attachment":"scroll","background-type":"","background-media":"","overlay-type":"","overlay-color":"","overlay-opacity":"","overlay-gradient":""},"mobile":{"background-color":"var(--ast-global-color-5)","background-image":"","background-repeat":"repeat","background-position":"center center","background-size":"auto","background-attachment":"scroll","background-type":"","background-media":"","overlay-type":"","overlay-color":"","overlay-opacity":"","overlay-gradient":""}},"footnotes":""},"categories":[8],"tags":[],"class_list":["post-951","post","type-post","status-publish","format-standard","has-post-thumbnail","hentry","category-noticias"],"yoast_head":"<!-- This site is optimized with the Yoast SEO plugin v25.4 - https:\/\/yoast.com\/wordpress\/plugins\/seo\/ -->\n<title>Protagonistas de arpillera \u201cLa cueca\u201d bailan en animaci\u00f3n - Museo Violeta Parra<\/title>\n<meta name=\"robots\" content=\"index, follow, max-snippet:-1, max-image-preview:large, max-video-preview:-1\" \/>\n<link rel=\"canonical\" href=\"http:\/\/vientosur.top\/museo\/protagonistas-de-arpillera-la-cueca-bailan-en-animacion\/\" \/>\n<meta property=\"og:locale\" content=\"es_ES\" \/>\n<meta property=\"og:type\" content=\"article\" \/>\n<meta property=\"og:title\" content=\"Protagonistas de arpillera \u201cLa cueca\u201d bailan en animaci\u00f3n - Museo Violeta Parra\" \/>\n<meta property=\"og:description\" content=\"El clip llevaba un par de a\u00f1os guardado entre los archivos digitales de su creador, Roberto Armijo, quien tras visitar el Museo record\u00f3 su existencia y decidi\u00f3 compartirla con el Museo.\" \/>\n<meta property=\"og:url\" content=\"http:\/\/vientosur.top\/museo\/protagonistas-de-arpillera-la-cueca-bailan-en-animacion\/\" \/>\n<meta property=\"og:site_name\" content=\"Museo Violeta Parra\" \/>\n<meta property=\"article:published_time\" content=\"2016-03-23T13:33:36+00:00\" \/>\n<meta property=\"og:image\" content=\"http:\/\/vientosur.top\/museo\/wp-content\/uploads\/2016\/03\/La-Anticueca.jpg\" \/>\n\t<meta property=\"og:image:width\" content=\"712\" \/>\n\t<meta property=\"og:image:height\" content=\"390\" \/>\n\t<meta property=\"og:image:type\" content=\"image\/jpeg\" \/>\n<meta name=\"author\" content=\"admin\" \/>\n<meta name=\"twitter:card\" content=\"summary_large_image\" \/>\n<meta name=\"twitter:label1\" content=\"Escrito por\" \/>\n\t<meta name=\"twitter:data1\" content=\"admin\" \/>\n\t<meta name=\"twitter:label2\" content=\"Tiempo de lectura\" \/>\n\t<meta name=\"twitter:data2\" content=\"2 minutos\" \/>\n<script type=\"application\/ld+json\" class=\"yoast-schema-graph\">{\"@context\":\"https:\/\/schema.org\",\"@graph\":[{\"@type\":\"WebPage\",\"@id\":\"http:\/\/vientosur.top\/museo\/protagonistas-de-arpillera-la-cueca-bailan-en-animacion\/\",\"url\":\"http:\/\/vientosur.top\/museo\/protagonistas-de-arpillera-la-cueca-bailan-en-animacion\/\",\"name\":\"Protagonistas de arpillera \u201cLa cueca\u201d bailan en animaci\u00f3n - Museo Violeta Parra\",\"isPartOf\":{\"@id\":\"http:\/\/vientosur.top\/museo\/#website\"},\"primaryImageOfPage\":{\"@id\":\"http:\/\/vientosur.top\/museo\/protagonistas-de-arpillera-la-cueca-bailan-en-animacion\/#primaryimage\"},\"image\":{\"@id\":\"http:\/\/vientosur.top\/museo\/protagonistas-de-arpillera-la-cueca-bailan-en-animacion\/#primaryimage\"},\"thumbnailUrl\":\"http:\/\/vientosur.top\/museo\/wp-content\/uploads\/2016\/03\/La-Anticueca.jpg\",\"datePublished\":\"2016-03-23T13:33:36+00:00\",\"author\":{\"@id\":\"http:\/\/vientosur.top\/museo\/#\/schema\/person\/20c79d3c38800971feec8c2693c3dd9c\"},\"breadcrumb\":{\"@id\":\"http:\/\/vientosur.top\/museo\/protagonistas-de-arpillera-la-cueca-bailan-en-animacion\/#breadcrumb\"},\"inLanguage\":\"es\",\"potentialAction\":[{\"@type\":\"ReadAction\",\"target\":[\"http:\/\/vientosur.top\/museo\/protagonistas-de-arpillera-la-cueca-bailan-en-animacion\/\"]}]},{\"@type\":\"ImageObject\",\"inLanguage\":\"es\",\"@id\":\"http:\/\/vientosur.top\/museo\/protagonistas-de-arpillera-la-cueca-bailan-en-animacion\/#primaryimage\",\"url\":\"http:\/\/vientosur.top\/museo\/wp-content\/uploads\/2016\/03\/La-Anticueca.jpg\",\"contentUrl\":\"http:\/\/vientosur.top\/museo\/wp-content\/uploads\/2016\/03\/La-Anticueca.jpg\",\"width\":712,\"height\":390},{\"@type\":\"BreadcrumbList\",\"@id\":\"http:\/\/vientosur.top\/museo\/protagonistas-de-arpillera-la-cueca-bailan-en-animacion\/#breadcrumb\",\"itemListElement\":[{\"@type\":\"ListItem\",\"position\":1,\"name\":\"Portada\",\"item\":\"http:\/\/vientosur.top\/museo\/\"},{\"@type\":\"ListItem\",\"position\":2,\"name\":\"Protagonistas de arpillera \u201cLa cueca\u201d bailan en animaci\u00f3n\"}]},{\"@type\":\"WebSite\",\"@id\":\"http:\/\/vientosur.top\/museo\/#website\",\"url\":\"http:\/\/vientosur.top\/museo\/\",\"name\":\"Museo Violeta Parra\",\"description\":\"Espacio que alberga tanto la memoria y legado creativo de la artista\",\"potentialAction\":[{\"@type\":\"SearchAction\",\"target\":{\"@type\":\"EntryPoint\",\"urlTemplate\":\"http:\/\/vientosur.top\/museo\/?s={search_term_string}\"},\"query-input\":{\"@type\":\"PropertyValueSpecification\",\"valueRequired\":true,\"valueName\":\"search_term_string\"}}],\"inLanguage\":\"es\"},{\"@type\":\"Person\",\"@id\":\"http:\/\/vientosur.top\/museo\/#\/schema\/person\/20c79d3c38800971feec8c2693c3dd9c\",\"name\":\"admin\",\"image\":{\"@type\":\"ImageObject\",\"inLanguage\":\"es\",\"@id\":\"http:\/\/vientosur.top\/museo\/#\/schema\/person\/image\/\",\"url\":\"https:\/\/secure.gravatar.com\/avatar\/713677ece3ffa642287213a80e5b773bce9ab81c269dd6d95102a990951c922f?s=96&d=mm&r=g\",\"contentUrl\":\"https:\/\/secure.gravatar.com\/avatar\/713677ece3ffa642287213a80e5b773bce9ab81c269dd6d95102a990951c922f?s=96&d=mm&r=g\",\"caption\":\"admin\"},\"sameAs\":[\"http:\/\/vientosur.top\/museo\"],\"url\":\"http:\/\/vientosur.top\/museo\/author\/comunicacionesmvp\/\"}]}<\/script>\n<!-- \/ Yoast SEO plugin. -->","yoast_head_json":{"title":"Protagonistas de arpillera \u201cLa cueca\u201d bailan en animaci\u00f3n - Museo Violeta Parra","robots":{"index":"index","follow":"follow","max-snippet":"max-snippet:-1","max-image-preview":"max-image-preview:large","max-video-preview":"max-video-preview:-1"},"canonical":"http:\/\/vientosur.top\/museo\/protagonistas-de-arpillera-la-cueca-bailan-en-animacion\/","og_locale":"es_ES","og_type":"article","og_title":"Protagonistas de arpillera \u201cLa cueca\u201d bailan en animaci\u00f3n - Museo Violeta Parra","og_description":"El clip llevaba un par de a\u00f1os guardado entre los archivos digitales de su creador, Roberto Armijo, quien tras visitar el Museo record\u00f3 su existencia y decidi\u00f3 compartirla con el Museo.","og_url":"http:\/\/vientosur.top\/museo\/protagonistas-de-arpillera-la-cueca-bailan-en-animacion\/","og_site_name":"Museo Violeta Parra","article_published_time":"2016-03-23T13:33:36+00:00","og_image":[{"width":712,"height":390,"url":"http:\/\/vientosur.top\/museo\/wp-content\/uploads\/2016\/03\/La-Anticueca.jpg","type":"image\/jpeg"}],"author":"admin","twitter_card":"summary_large_image","twitter_misc":{"Escrito por":"admin","Tiempo de lectura":"2 minutos"},"schema":{"@context":"https:\/\/schema.org","@graph":[{"@type":"WebPage","@id":"http:\/\/vientosur.top\/museo\/protagonistas-de-arpillera-la-cueca-bailan-en-animacion\/","url":"http:\/\/vientosur.top\/museo\/protagonistas-de-arpillera-la-cueca-bailan-en-animacion\/","name":"Protagonistas de arpillera \u201cLa cueca\u201d bailan en animaci\u00f3n - Museo Violeta Parra","isPartOf":{"@id":"http:\/\/vientosur.top\/museo\/#website"},"primaryImageOfPage":{"@id":"http:\/\/vientosur.top\/museo\/protagonistas-de-arpillera-la-cueca-bailan-en-animacion\/#primaryimage"},"image":{"@id":"http:\/\/vientosur.top\/museo\/protagonistas-de-arpillera-la-cueca-bailan-en-animacion\/#primaryimage"},"thumbnailUrl":"http:\/\/vientosur.top\/museo\/wp-content\/uploads\/2016\/03\/La-Anticueca.jpg","datePublished":"2016-03-23T13:33:36+00:00","author":{"@id":"http:\/\/vientosur.top\/museo\/#\/schema\/person\/20c79d3c38800971feec8c2693c3dd9c"},"breadcrumb":{"@id":"http:\/\/vientosur.top\/museo\/protagonistas-de-arpillera-la-cueca-bailan-en-animacion\/#breadcrumb"},"inLanguage":"es","potentialAction":[{"@type":"ReadAction","target":["http:\/\/vientosur.top\/museo\/protagonistas-de-arpillera-la-cueca-bailan-en-animacion\/"]}]},{"@type":"ImageObject","inLanguage":"es","@id":"http:\/\/vientosur.top\/museo\/protagonistas-de-arpillera-la-cueca-bailan-en-animacion\/#primaryimage","url":"http:\/\/vientosur.top\/museo\/wp-content\/uploads\/2016\/03\/La-Anticueca.jpg","contentUrl":"http:\/\/vientosur.top\/museo\/wp-content\/uploads\/2016\/03\/La-Anticueca.jpg","width":712,"height":390},{"@type":"BreadcrumbList","@id":"http:\/\/vientosur.top\/museo\/protagonistas-de-arpillera-la-cueca-bailan-en-animacion\/#breadcrumb","itemListElement":[{"@type":"ListItem","position":1,"name":"Portada","item":"http:\/\/vientosur.top\/museo\/"},{"@type":"ListItem","position":2,"name":"Protagonistas de arpillera \u201cLa cueca\u201d bailan en animaci\u00f3n"}]},{"@type":"WebSite","@id":"http:\/\/vientosur.top\/museo\/#website","url":"http:\/\/vientosur.top\/museo\/","name":"Museo Violeta Parra","description":"Espacio que alberga tanto la memoria y legado creativo de la artista","potentialAction":[{"@type":"SearchAction","target":{"@type":"EntryPoint","urlTemplate":"http:\/\/vientosur.top\/museo\/?s={search_term_string}"},"query-input":{"@type":"PropertyValueSpecification","valueRequired":true,"valueName":"search_term_string"}}],"inLanguage":"es"},{"@type":"Person","@id":"http:\/\/vientosur.top\/museo\/#\/schema\/person\/20c79d3c38800971feec8c2693c3dd9c","name":"admin","image":{"@type":"ImageObject","inLanguage":"es","@id":"http:\/\/vientosur.top\/museo\/#\/schema\/person\/image\/","url":"https:\/\/secure.gravatar.com\/avatar\/713677ece3ffa642287213a80e5b773bce9ab81c269dd6d95102a990951c922f?s=96&d=mm&r=g","contentUrl":"https:\/\/secure.gravatar.com\/avatar\/713677ece3ffa642287213a80e5b773bce9ab81c269dd6d95102a990951c922f?s=96&d=mm&r=g","caption":"admin"},"sameAs":["http:\/\/vientosur.top\/museo"],"url":"http:\/\/vientosur.top\/museo\/author\/comunicacionesmvp\/"}]}},"_links":{"self":[{"href":"http:\/\/vientosur.top\/museo\/wp-json\/wp\/v2\/posts\/951","targetHints":{"allow":["GET"]}}],"collection":[{"href":"http:\/\/vientosur.top\/museo\/wp-json\/wp\/v2\/posts"}],"about":[{"href":"http:\/\/vientosur.top\/museo\/wp-json\/wp\/v2\/types\/post"}],"author":[{"embeddable":true,"href":"http:\/\/vientosur.top\/museo\/wp-json\/wp\/v2\/users\/5"}],"replies":[{"embeddable":true,"href":"http:\/\/vientosur.top\/museo\/wp-json\/wp\/v2\/comments?post=951"}],"version-history":[{"count":0,"href":"http:\/\/vientosur.top\/museo\/wp-json\/wp\/v2\/posts\/951\/revisions"}],"wp:featuredmedia":[{"embeddable":true,"href":"http:\/\/vientosur.top\/museo\/wp-json\/wp\/v2\/media\/952"}],"wp:attachment":[{"href":"http:\/\/vientosur.top\/museo\/wp-json\/wp\/v2\/media?parent=951"}],"wp:term":[{"taxonomy":"category","embeddable":true,"href":"http:\/\/vientosur.top\/museo\/wp-json\/wp\/v2\/categories?post=951"},{"taxonomy":"post_tag","embeddable":true,"href":"http:\/\/vientosur.top\/museo\/wp-json\/wp\/v2\/tags?post=951"}],"curies":[{"name":"wp","href":"https:\/\/api.w.org\/{rel}","templated":true}]}}