{"id":968,"date":"2016-03-23T20:57:13","date_gmt":"2016-03-23T20:57:13","guid":{"rendered":"http:\/\/vientosur.top\/museo\/\/?p=968"},"modified":"2016-03-23T20:57:13","modified_gmt":"2016-03-23T20:57:13","slug":"vecino-dona-al-museo-foto-con-violeta-parra","status":"publish","type":"post","link":"http:\/\/vientosur.top\/museo\/vecino-dona-al-museo-foto-con-violeta-parra\/","title":{"rendered":"Vecino dona al museo foto con Violeta Parra"},"content":{"rendered":"<ul>\n<li><strong>Se trata de un recuerdo registrado cuando la artista participaba en la Segunda Feria de Artes Pl\u00e1sticas del Parque Forestal.<\/strong><\/li>\n<\/ul>\n<p><!--more--><\/p>\n<p>Corr\u00eda 1960 y Edmundo Valderrama era un joven estudiante de Derecho de la Universidad de Chile. Habitualmente caminaba por el Parque Forestal y no pocas veces se encontr\u00f3 con la multifac\u00e9tica Violeta Parra cuando expon\u00eda sus obras en la feria que se ubicaba en las cercan\u00edas del Museo de Arte Contempor\u00e1neo. Era la <strong>Segunda Feria de Artes Pl\u00e1sticas del Parque Forestal.<\/strong><\/p>\n<p>Ah\u00ed, poco a poco, ambos comenzaron a hablar. \u201cConvers\u00e9 muchas veces con ella en la feria. Ella viv\u00eda ah\u00ed, siempre estaba en el parque\u201d, relata Edmundo, quien don\u00f3 al Museo una fotograf\u00eda en que aparece \u00e9l y su amigo Rodrigo compartiendo con la artista en forma muy distendida.<\/p>\n<p>La imagen es la primera donaci\u00f3n que recibe este espacio cultural de parte de un visitante, que en este caso adem\u00e1s es vecino del museo.\u00a0 El se\u00f1or Valderrama recuerda que fue un regalo de la propia Violeta, quien se lo entreg\u00f3 en uno de sus recurrentes encuentros en el parque.<\/p>\n<p>Al analizar la instant\u00e1nea, dice que a Violeta se le ve comentando algo que ocurri\u00f3 justo en ese instante. \u201cNos re\u00edamos mucho. Me dijo algo divertido. Probablemente hizo un comentario de algo que estaba pasando\u201d, comenta.<\/p>\n<p>\u201cRodrigo (el primero en la foto de izquierda a derecha) estaba posando. Yo me sorprend\u00ed. Algo habr\u00e1 dicho\u201d, agrega. \u201cVioleta ten\u00eda una cosa de ni\u00f1a que era muy agradable, muy fresca, muy bonita, sencilla, encantadora\u201d.<\/p>\n<p>Cuenta adem\u00e1s que dicha feria iba desde el puente Pur\u00edsima hasta el Museo de Bellas Artes reuniendo pintores y artesanos. \u00a0\u201cTodos los a\u00f1os se hac\u00eda la feria. La Violeta dorm\u00eda ah\u00ed. Era muy entretenido porque se juntaba el Ballet Nacional, iba la Sinf\u00f3nica. Era como la feria del libro. Duraba dos semanas y se hac\u00eda a fines de a\u00f1o\u201d, rememora.<\/p>\n<p>Y si bien Edmundo pudo compartir, conversar y re\u00edr junto a una de las artistas m\u00e1s prol\u00edficas que ha dado nuestro pa\u00eds, hay una cosa de la cual se arrepiente: \u201cLamento no haber adquirido nada de ella\u201d.<\/p>\n<p>La imagen, hoy donada al Museo, asoma como el \u00fanico registro de la cercan\u00eda de Edmundo con Violeta. En ese sentido, asegura que su gesto de entregar la instant\u00e1nea para que sea conservada en este espacio responde a una necesidad de \u201cincentivar\u201d la donaci\u00f3n, dado el sinf\u00edn de piezas vinculadas a la artista que est\u00e1n diseminadas por Chile y el mundo.<\/p>\n<p><a href=\"http:\/\/vientosur.top\/museo\/\/wp-content\/uploads\/2016\/03\/dona.jpg\" rel=\"attachment wp-att-970\"><img fetchpriority=\"high\" decoding=\"async\" class=\"size-medium wp-image-970 aligncenter\" src=\"http:\/\/vientosur.top\/museo\/\/wp-content\/uploads\/2016\/03\/dona-300x297.jpg\" alt=\"dona\" width=\"300\" height=\"297\" \/><\/a><\/p>\n","protected":false},"excerpt":{"rendered":"<p>Se trata de un recuerdo registrado cuando la artista participaba en la Segunda Feria de Artes Pl\u00e1sticas del Parque Forestal.<\/p>\n","protected":false},"author":5,"featured_media":969,"comment_status":"open","ping_status":"open","sticky":false,"template":"","format":"standard","meta":{"site-sidebar-layout":"default","site-content-layout":"","ast-site-content-layout":"default","site-content-style":"default","site-sidebar-style":"default","ast-global-header-display":"","ast-banner-title-visibility":"","ast-main-header-display":"","ast-hfb-above-header-display":"","ast-hfb-below-header-display":"","ast-hfb-mobile-header-display":"","site-post-title":"","ast-breadcrumbs-content":"","ast-featured-img":"","footer-sml-layout":"","theme-transparent-header-meta":"","adv-header-id-meta":"","stick-header-meta":"","header-above-stick-meta":"","header-main-stick-meta":"","header-below-stick-meta":"","astra-migrate-meta-layouts":"default","ast-page-background-enabled":"default","ast-page-background-meta":{"desktop":{"background-color":"var(--ast-global-color-4)","background-image":"","background-repeat":"repeat","background-position":"center center","background-size":"auto","background-attachment":"scroll","background-type":"","background-media":"","overlay-type":"","overlay-color":"","overlay-opacity":"","overlay-gradient":""},"tablet":{"background-color":"","background-image":"","background-repeat":"repeat","background-position":"center center","background-size":"auto","background-attachment":"scroll","background-type":"","background-media":"","overlay-type":"","overlay-color":"","overlay-opacity":"","overlay-gradient":""},"mobile":{"background-color":"","background-image":"","background-repeat":"repeat","background-position":"center center","background-size":"auto","background-attachment":"scroll","background-type":"","background-media":"","overlay-type":"","overlay-color":"","overlay-opacity":"","overlay-gradient":""}},"ast-content-background-meta":{"desktop":{"background-color":"var(--ast-global-color-5)","background-image":"","background-repeat":"repeat","background-position":"center center","background-size":"auto","background-attachment":"scroll","background-type":"","background-media":"","overlay-type":"","overlay-color":"","overlay-opacity":"","overlay-gradient":""},"tablet":{"background-color":"var(--ast-global-color-5)","background-image":"","background-repeat":"repeat","background-position":"center center","background-size":"auto","background-attachment":"scroll","background-type":"","background-media":"","overlay-type":"","overlay-color":"","overlay-opacity":"","overlay-gradient":""},"mobile":{"background-color":"var(--ast-global-color-5)","background-image":"","background-repeat":"repeat","background-position":"center center","background-size":"auto","background-attachment":"scroll","background-type":"","background-media":"","overlay-type":"","overlay-color":"","overlay-opacity":"","overlay-gradient":""}},"footnotes":""},"categories":[59,8],"tags":[],"class_list":["post-968","post","type-post","status-publish","format-standard","has-post-thumbnail","hentry","category-destacado-noticia","category-noticias"],"yoast_head":"<!-- This site is optimized with the Yoast SEO plugin v25.4 - https:\/\/yoast.com\/wordpress\/plugins\/seo\/ -->\n<title>Vecino dona al museo foto con Violeta Parra - Museo Violeta Parra<\/title>\n<meta name=\"robots\" content=\"index, follow, max-snippet:-1, max-image-preview:large, max-video-preview:-1\" \/>\n<link rel=\"canonical\" href=\"http:\/\/vientosur.top\/museo\/vecino-dona-al-museo-foto-con-violeta-parra\/\" \/>\n<meta property=\"og:locale\" content=\"es_ES\" \/>\n<meta property=\"og:type\" content=\"article\" \/>\n<meta property=\"og:title\" content=\"Vecino dona al museo foto con Violeta Parra - Museo Violeta Parra\" \/>\n<meta property=\"og:description\" content=\"Se trata de un recuerdo registrado cuando la artista participaba en la Segunda Feria de Artes Pl\u00e1sticas del Parque Forestal.\" \/>\n<meta property=\"og:url\" content=\"http:\/\/vientosur.top\/museo\/vecino-dona-al-museo-foto-con-violeta-parra\/\" \/>\n<meta property=\"og:site_name\" content=\"Museo Violeta Parra\" \/>\n<meta property=\"article:published_time\" content=\"2016-03-23T20:57:13+00:00\" \/>\n<meta property=\"og:image\" content=\"http:\/\/vientosur.top\/museo\/wp-content\/uploads\/2016\/03\/DSC_0286-2-scaled.jpg\" \/>\n\t<meta property=\"og:image:width\" content=\"2560\" \/>\n\t<meta property=\"og:image:height\" content=\"1722\" \/>\n\t<meta property=\"og:image:type\" content=\"image\/jpeg\" \/>\n<meta name=\"author\" content=\"admin\" \/>\n<meta name=\"twitter:card\" content=\"summary_large_image\" \/>\n<meta name=\"twitter:label1\" content=\"Escrito por\" \/>\n\t<meta name=\"twitter:data1\" content=\"admin\" \/>\n\t<meta name=\"twitter:label2\" content=\"Tiempo de lectura\" \/>\n\t<meta name=\"twitter:data2\" content=\"2 minutos\" \/>\n<script type=\"application\/ld+json\" class=\"yoast-schema-graph\">{\"@context\":\"https:\/\/schema.org\",\"@graph\":[{\"@type\":\"WebPage\",\"@id\":\"http:\/\/vientosur.top\/museo\/vecino-dona-al-museo-foto-con-violeta-parra\/\",\"url\":\"http:\/\/vientosur.top\/museo\/vecino-dona-al-museo-foto-con-violeta-parra\/\",\"name\":\"Vecino dona al museo foto con Violeta Parra - Museo Violeta Parra\",\"isPartOf\":{\"@id\":\"http:\/\/vientosur.top\/museo\/#website\"},\"primaryImageOfPage\":{\"@id\":\"http:\/\/vientosur.top\/museo\/vecino-dona-al-museo-foto-con-violeta-parra\/#primaryimage\"},\"image\":{\"@id\":\"http:\/\/vientosur.top\/museo\/vecino-dona-al-museo-foto-con-violeta-parra\/#primaryimage\"},\"thumbnailUrl\":\"http:\/\/vientosur.top\/museo\/wp-content\/uploads\/2016\/03\/DSC_0286-2-scaled.jpg\",\"datePublished\":\"2016-03-23T20:57:13+00:00\",\"author\":{\"@id\":\"http:\/\/vientosur.top\/museo\/#\/schema\/person\/20c79d3c38800971feec8c2693c3dd9c\"},\"breadcrumb\":{\"@id\":\"http:\/\/vientosur.top\/museo\/vecino-dona-al-museo-foto-con-violeta-parra\/#breadcrumb\"},\"inLanguage\":\"es\",\"potentialAction\":[{\"@type\":\"ReadAction\",\"target\":[\"http:\/\/vientosur.top\/museo\/vecino-dona-al-museo-foto-con-violeta-parra\/\"]}]},{\"@type\":\"ImageObject\",\"inLanguage\":\"es\",\"@id\":\"http:\/\/vientosur.top\/museo\/vecino-dona-al-museo-foto-con-violeta-parra\/#primaryimage\",\"url\":\"http:\/\/vientosur.top\/museo\/wp-content\/uploads\/2016\/03\/DSC_0286-2-scaled.jpg\",\"contentUrl\":\"http:\/\/vientosur.top\/museo\/wp-content\/uploads\/2016\/03\/DSC_0286-2-scaled.jpg\",\"width\":2560,\"height\":1722},{\"@type\":\"BreadcrumbList\",\"@id\":\"http:\/\/vientosur.top\/museo\/vecino-dona-al-museo-foto-con-violeta-parra\/#breadcrumb\",\"itemListElement\":[{\"@type\":\"ListItem\",\"position\":1,\"name\":\"Portada\",\"item\":\"http:\/\/vientosur.top\/museo\/\"},{\"@type\":\"ListItem\",\"position\":2,\"name\":\"Vecino dona al museo foto con Violeta Parra\"}]},{\"@type\":\"WebSite\",\"@id\":\"http:\/\/vientosur.top\/museo\/#website\",\"url\":\"http:\/\/vientosur.top\/museo\/\",\"name\":\"Museo Violeta Parra\",\"description\":\"Espacio que alberga tanto la memoria y legado creativo de la artista\",\"potentialAction\":[{\"@type\":\"SearchAction\",\"target\":{\"@type\":\"EntryPoint\",\"urlTemplate\":\"http:\/\/vientosur.top\/museo\/?s={search_term_string}\"},\"query-input\":{\"@type\":\"PropertyValueSpecification\",\"valueRequired\":true,\"valueName\":\"search_term_string\"}}],\"inLanguage\":\"es\"},{\"@type\":\"Person\",\"@id\":\"http:\/\/vientosur.top\/museo\/#\/schema\/person\/20c79d3c38800971feec8c2693c3dd9c\",\"name\":\"admin\",\"image\":{\"@type\":\"ImageObject\",\"inLanguage\":\"es\",\"@id\":\"http:\/\/vientosur.top\/museo\/#\/schema\/person\/image\/\",\"url\":\"https:\/\/secure.gravatar.com\/avatar\/713677ece3ffa642287213a80e5b773bce9ab81c269dd6d95102a990951c922f?s=96&d=mm&r=g\",\"contentUrl\":\"https:\/\/secure.gravatar.com\/avatar\/713677ece3ffa642287213a80e5b773bce9ab81c269dd6d95102a990951c922f?s=96&d=mm&r=g\",\"caption\":\"admin\"},\"sameAs\":[\"http:\/\/vientosur.top\/museo\"],\"url\":\"http:\/\/vientosur.top\/museo\/author\/comunicacionesmvp\/\"}]}<\/script>\n<!-- \/ Yoast SEO plugin. -->","yoast_head_json":{"title":"Vecino dona al museo foto con Violeta Parra - Museo Violeta Parra","robots":{"index":"index","follow":"follow","max-snippet":"max-snippet:-1","max-image-preview":"max-image-preview:large","max-video-preview":"max-video-preview:-1"},"canonical":"http:\/\/vientosur.top\/museo\/vecino-dona-al-museo-foto-con-violeta-parra\/","og_locale":"es_ES","og_type":"article","og_title":"Vecino dona al museo foto con Violeta Parra - Museo Violeta Parra","og_description":"Se trata de un recuerdo registrado cuando la artista participaba en la Segunda Feria de Artes Pl\u00e1sticas del Parque Forestal.","og_url":"http:\/\/vientosur.top\/museo\/vecino-dona-al-museo-foto-con-violeta-parra\/","og_site_name":"Museo Violeta Parra","article_published_time":"2016-03-23T20:57:13+00:00","og_image":[{"width":2560,"height":1722,"url":"http:\/\/vientosur.top\/museo\/wp-content\/uploads\/2016\/03\/DSC_0286-2-scaled.jpg","type":"image\/jpeg"}],"author":"admin","twitter_card":"summary_large_image","twitter_misc":{"Escrito por":"admin","Tiempo de lectura":"2 minutos"},"schema":{"@context":"https:\/\/schema.org","@graph":[{"@type":"WebPage","@id":"http:\/\/vientosur.top\/museo\/vecino-dona-al-museo-foto-con-violeta-parra\/","url":"http:\/\/vientosur.top\/museo\/vecino-dona-al-museo-foto-con-violeta-parra\/","name":"Vecino dona al museo foto con Violeta Parra - Museo Violeta Parra","isPartOf":{"@id":"http:\/\/vientosur.top\/museo\/#website"},"primaryImageOfPage":{"@id":"http:\/\/vientosur.top\/museo\/vecino-dona-al-museo-foto-con-violeta-parra\/#primaryimage"},"image":{"@id":"http:\/\/vientosur.top\/museo\/vecino-dona-al-museo-foto-con-violeta-parra\/#primaryimage"},"thumbnailUrl":"http:\/\/vientosur.top\/museo\/wp-content\/uploads\/2016\/03\/DSC_0286-2-scaled.jpg","datePublished":"2016-03-23T20:57:13+00:00","author":{"@id":"http:\/\/vientosur.top\/museo\/#\/schema\/person\/20c79d3c38800971feec8c2693c3dd9c"},"breadcrumb":{"@id":"http:\/\/vientosur.top\/museo\/vecino-dona-al-museo-foto-con-violeta-parra\/#breadcrumb"},"inLanguage":"es","potentialAction":[{"@type":"ReadAction","target":["http:\/\/vientosur.top\/museo\/vecino-dona-al-museo-foto-con-violeta-parra\/"]}]},{"@type":"ImageObject","inLanguage":"es","@id":"http:\/\/vientosur.top\/museo\/vecino-dona-al-museo-foto-con-violeta-parra\/#primaryimage","url":"http:\/\/vientosur.top\/museo\/wp-content\/uploads\/2016\/03\/DSC_0286-2-scaled.jpg","contentUrl":"http:\/\/vientosur.top\/museo\/wp-content\/uploads\/2016\/03\/DSC_0286-2-scaled.jpg","width":2560,"height":1722},{"@type":"BreadcrumbList","@id":"http:\/\/vientosur.top\/museo\/vecino-dona-al-museo-foto-con-violeta-parra\/#breadcrumb","itemListElement":[{"@type":"ListItem","position":1,"name":"Portada","item":"http:\/\/vientosur.top\/museo\/"},{"@type":"ListItem","position":2,"name":"Vecino dona al museo foto con Violeta Parra"}]},{"@type":"WebSite","@id":"http:\/\/vientosur.top\/museo\/#website","url":"http:\/\/vientosur.top\/museo\/","name":"Museo Violeta Parra","description":"Espacio que alberga tanto la memoria y legado creativo de la artista","potentialAction":[{"@type":"SearchAction","target":{"@type":"EntryPoint","urlTemplate":"http:\/\/vientosur.top\/museo\/?s={search_term_string}"},"query-input":{"@type":"PropertyValueSpecification","valueRequired":true,"valueName":"search_term_string"}}],"inLanguage":"es"},{"@type":"Person","@id":"http:\/\/vientosur.top\/museo\/#\/schema\/person\/20c79d3c38800971feec8c2693c3dd9c","name":"admin","image":{"@type":"ImageObject","inLanguage":"es","@id":"http:\/\/vientosur.top\/museo\/#\/schema\/person\/image\/","url":"https:\/\/secure.gravatar.com\/avatar\/713677ece3ffa642287213a80e5b773bce9ab81c269dd6d95102a990951c922f?s=96&d=mm&r=g","contentUrl":"https:\/\/secure.gravatar.com\/avatar\/713677ece3ffa642287213a80e5b773bce9ab81c269dd6d95102a990951c922f?s=96&d=mm&r=g","caption":"admin"},"sameAs":["http:\/\/vientosur.top\/museo"],"url":"http:\/\/vientosur.top\/museo\/author\/comunicacionesmvp\/"}]}},"_links":{"self":[{"href":"http:\/\/vientosur.top\/museo\/wp-json\/wp\/v2\/posts\/968","targetHints":{"allow":["GET"]}}],"collection":[{"href":"http:\/\/vientosur.top\/museo\/wp-json\/wp\/v2\/posts"}],"about":[{"href":"http:\/\/vientosur.top\/museo\/wp-json\/wp\/v2\/types\/post"}],"author":[{"embeddable":true,"href":"http:\/\/vientosur.top\/museo\/wp-json\/wp\/v2\/users\/5"}],"replies":[{"embeddable":true,"href":"http:\/\/vientosur.top\/museo\/wp-json\/wp\/v2\/comments?post=968"}],"version-history":[{"count":0,"href":"http:\/\/vientosur.top\/museo\/wp-json\/wp\/v2\/posts\/968\/revisions"}],"wp:featuredmedia":[{"embeddable":true,"href":"http:\/\/vientosur.top\/museo\/wp-json\/wp\/v2\/media\/969"}],"wp:attachment":[{"href":"http:\/\/vientosur.top\/museo\/wp-json\/wp\/v2\/media?parent=968"}],"wp:term":[{"taxonomy":"category","embeddable":true,"href":"http:\/\/vientosur.top\/museo\/wp-json\/wp\/v2\/categories?post=968"},{"taxonomy":"post_tag","embeddable":true,"href":"http:\/\/vientosur.top\/museo\/wp-json\/wp\/v2\/tags?post=968"}],"curies":[{"name":"wp","href":"https:\/\/api.w.org\/{rel}","templated":true}]}}