{"id":973,"date":"2016-03-24T13:01:47","date_gmt":"2016-03-24T13:01:47","guid":{"rendered":"http:\/\/vientosur.top\/museo\/\/?p=973"},"modified":"2016-03-24T13:01:47","modified_gmt":"2016-03-24T13:01:47","slug":"recitales-gratuitos-en-el-auditorio-antar-este-fin-de-semana","status":"publish","type":"post","link":"http:\/\/vientosur.top\/museo\/recitales-gratuitos-en-el-auditorio-antar-este-fin-de-semana\/","title":{"rendered":"Recitales gratuitos en el Auditorio Antar este fin de semana"},"content":{"rendered":"<ul>\n<li><strong><em>El s\u00e1bado se presentar\u00e1 \u201cTita Parra &amp; Cuarteto Rel\u00e1mpago\u201d, mientras que el domingo ser\u00e1 el turno del m\u00fasico Luis Lima, cuyo espect\u00e1culo est\u00e1 enmarcado en la jornada de encuentro, di\u00e1logo, m\u00fasica y poes\u00eda de Brasil.<\/em><\/strong><\/li>\n<\/ul>\n<p><!--more--><\/p>\n<p>Dos presentaciones musicales albergar\u00e1 este fin de semana el Museo Violeta Parra en su auditorio Antar, continuando con la oferta de recitales que cada s\u00e1bado y domingo se brindan en forma gratuita.<\/p>\n<p>El primer grupo en presentarse ser\u00e1 \u201cTita Parra &amp; Cuarteto Rel\u00e1mpago\u201d, compuesto por la compositora, int\u00e9rprete y guitarrista nieta de Violeta Parra, y los m\u00fasicos Emilio Garc\u00eda en guitarra, Pablo Lecaros en contrabajo y Greco Acu\u00f1a en Percusi\u00f3n.<\/p>\n<p>En la oportunidad, Tita tocar\u00e1 un repertorio de canciones propias, combinando sonoridades electroac\u00fasticas de jazz fusi\u00f3n con melod\u00edas y ritmos afro-latinoamericanos. Tambi\u00e9n presentar\u00e1 temas in\u00e9ditos de su pr\u00f3ximo disco. S\u00e1bado 16 de marzo a las 16:00 horas.<\/p>\n<p>El mismo d\u00eda a las 15:00 horas se dar\u00e1 inicio en la Sala Educativa al taller de Micro Bordado para j\u00f3venes y adultos, donde Javiera Quesney ense\u00f1ar\u00e1 la t\u00e9cnica del bordado en miniatura usando bastidores, aguja e hilo, con los cuales se confeccionar\u00e1 un peque\u00f1o prendedor inspirado en las aves de Chile como el siete Colores, el Carpintero Magall\u00e1nico o el Chucao, que motivaron el arte de Violeta Parra.<\/p>\n<p>El domingo a las 16:00 horas volver\u00e1n las actividades al auditorio Antar, con la jornada de encuentro, di\u00e1logo, m\u00fasica y poes\u00eda de Brasil, que comenzar\u00e1 con una conversaci\u00f3n sobre experiencias en gesti\u00f3n cultural en el nordeste de Brasil, estado de Maranhao, con la directora de Casa d\u2019Arte, Luzenice Macedo.<\/p>\n<p>Posteriormente, vendr\u00e1 el recital de Luis Lima, presentando su m\u00fasica y su libro de poes\u00eda \u201cArrumador de palabras\u201d.<\/p>\n<p>Todas actividades son gratuitas para nuestros visitantes. Quienes quieran asistir a las presentaciones musicales, deber\u00e1n retirar las invitaciones en informaciones del Museo, de martes a domingo de 09:30 a 18:00 horas.<\/p>\n","protected":false},"excerpt":{"rendered":"<p>El s\u00e1bado se presentar\u00e1 \u201cTita Parra &amp; Cuarteto Rel\u00e1mpago\u201d, mientras que el domingo ser\u00e1 el turno del m\u00fasico Luis Lima, cuyo espect\u00e1culo est\u00e1 enmarcado en la jornada de encuentro, di\u00e1logo, m\u00fasica y poes\u00eda de Brasil.<\/p>\n","protected":false},"author":5,"featured_media":974,"comment_status":"open","ping_status":"open","sticky":false,"template":"","format":"standard","meta":{"site-sidebar-layout":"default","site-content-layout":"","ast-site-content-layout":"default","site-content-style":"default","site-sidebar-style":"default","ast-global-header-display":"","ast-banner-title-visibility":"","ast-main-header-display":"","ast-hfb-above-header-display":"","ast-hfb-below-header-display":"","ast-hfb-mobile-header-display":"","site-post-title":"","ast-breadcrumbs-content":"","ast-featured-img":"","footer-sml-layout":"","theme-transparent-header-meta":"","adv-header-id-meta":"","stick-header-meta":"","header-above-stick-meta":"","header-main-stick-meta":"","header-below-stick-meta":"","astra-migrate-meta-layouts":"default","ast-page-background-enabled":"default","ast-page-background-meta":{"desktop":{"background-color":"var(--ast-global-color-4)","background-image":"","background-repeat":"repeat","background-position":"center center","background-size":"auto","background-attachment":"scroll","background-type":"","background-media":"","overlay-type":"","overlay-color":"","overlay-opacity":"","overlay-gradient":""},"tablet":{"background-color":"","background-image":"","background-repeat":"repeat","background-position":"center center","background-size":"auto","background-attachment":"scroll","background-type":"","background-media":"","overlay-type":"","overlay-color":"","overlay-opacity":"","overlay-gradient":""},"mobile":{"background-color":"","background-image":"","background-repeat":"repeat","background-position":"center center","background-size":"auto","background-attachment":"scroll","background-type":"","background-media":"","overlay-type":"","overlay-color":"","overlay-opacity":"","overlay-gradient":""}},"ast-content-background-meta":{"desktop":{"background-color":"var(--ast-global-color-5)","background-image":"","background-repeat":"repeat","background-position":"center center","background-size":"auto","background-attachment":"scroll","background-type":"","background-media":"","overlay-type":"","overlay-color":"","overlay-opacity":"","overlay-gradient":""},"tablet":{"background-color":"var(--ast-global-color-5)","background-image":"","background-repeat":"repeat","background-position":"center center","background-size":"auto","background-attachment":"scroll","background-type":"","background-media":"","overlay-type":"","overlay-color":"","overlay-opacity":"","overlay-gradient":""},"mobile":{"background-color":"var(--ast-global-color-5)","background-image":"","background-repeat":"repeat","background-position":"center center","background-size":"auto","background-attachment":"scroll","background-type":"","background-media":"","overlay-type":"","overlay-color":"","overlay-opacity":"","overlay-gradient":""}},"footnotes":""},"categories":[59,8],"tags":[],"class_list":["post-973","post","type-post","status-publish","format-standard","has-post-thumbnail","hentry","category-destacado-noticia","category-noticias"],"yoast_head":"<!-- This site is optimized with the Yoast SEO plugin v25.4 - https:\/\/yoast.com\/wordpress\/plugins\/seo\/ -->\n<title>Recitales gratuitos en el Auditorio Antar este fin de semana - Museo Violeta Parra<\/title>\n<meta name=\"robots\" content=\"index, follow, max-snippet:-1, max-image-preview:large, max-video-preview:-1\" \/>\n<link rel=\"canonical\" href=\"http:\/\/vientosur.top\/museo\/recitales-gratuitos-en-el-auditorio-antar-este-fin-de-semana\/\" \/>\n<meta property=\"og:locale\" content=\"es_ES\" \/>\n<meta property=\"og:type\" content=\"article\" \/>\n<meta property=\"og:title\" content=\"Recitales gratuitos en el Auditorio Antar este fin de semana - Museo Violeta Parra\" \/>\n<meta property=\"og:description\" content=\"El s\u00e1bado se presentar\u00e1 \u201cTita Parra &amp; Cuarteto Rel\u00e1mpago\u201d, mientras que el domingo ser\u00e1 el turno del m\u00fasico Luis Lima, cuyo espect\u00e1culo est\u00e1 enmarcado en la jornada de encuentro, di\u00e1logo, m\u00fasica y poes\u00eda de Brasil.\" \/>\n<meta property=\"og:url\" content=\"http:\/\/vientosur.top\/museo\/recitales-gratuitos-en-el-auditorio-antar-este-fin-de-semana\/\" \/>\n<meta property=\"og:site_name\" content=\"Museo Violeta Parra\" \/>\n<meta property=\"article:published_time\" content=\"2016-03-24T13:01:47+00:00\" \/>\n<meta name=\"author\" content=\"admin\" \/>\n<meta name=\"twitter:card\" content=\"summary_large_image\" \/>\n<meta name=\"twitter:label1\" content=\"Escrito por\" \/>\n\t<meta name=\"twitter:data1\" content=\"admin\" \/>\n\t<meta name=\"twitter:label2\" content=\"Tiempo de lectura\" \/>\n\t<meta name=\"twitter:data2\" content=\"2 minutos\" \/>\n<script type=\"application\/ld+json\" class=\"yoast-schema-graph\">{\"@context\":\"https:\/\/schema.org\",\"@graph\":[{\"@type\":\"WebPage\",\"@id\":\"http:\/\/vientosur.top\/museo\/recitales-gratuitos-en-el-auditorio-antar-este-fin-de-semana\/\",\"url\":\"http:\/\/vientosur.top\/museo\/recitales-gratuitos-en-el-auditorio-antar-este-fin-de-semana\/\",\"name\":\"Recitales gratuitos en el Auditorio Antar este fin de semana - Museo Violeta Parra\",\"isPartOf\":{\"@id\":\"http:\/\/vientosur.top\/museo\/#website\"},\"primaryImageOfPage\":{\"@id\":\"http:\/\/vientosur.top\/museo\/recitales-gratuitos-en-el-auditorio-antar-este-fin-de-semana\/#primaryimage\"},\"image\":{\"@id\":\"http:\/\/vientosur.top\/museo\/recitales-gratuitos-en-el-auditorio-antar-este-fin-de-semana\/#primaryimage\"},\"thumbnailUrl\":\"\",\"datePublished\":\"2016-03-24T13:01:47+00:00\",\"author\":{\"@id\":\"http:\/\/vientosur.top\/museo\/#\/schema\/person\/20c79d3c38800971feec8c2693c3dd9c\"},\"breadcrumb\":{\"@id\":\"http:\/\/vientosur.top\/museo\/recitales-gratuitos-en-el-auditorio-antar-este-fin-de-semana\/#breadcrumb\"},\"inLanguage\":\"es\",\"potentialAction\":[{\"@type\":\"ReadAction\",\"target\":[\"http:\/\/vientosur.top\/museo\/recitales-gratuitos-en-el-auditorio-antar-este-fin-de-semana\/\"]}]},{\"@type\":\"ImageObject\",\"inLanguage\":\"es\",\"@id\":\"http:\/\/vientosur.top\/museo\/recitales-gratuitos-en-el-auditorio-antar-este-fin-de-semana\/#primaryimage\",\"url\":\"\",\"contentUrl\":\"\"},{\"@type\":\"BreadcrumbList\",\"@id\":\"http:\/\/vientosur.top\/museo\/recitales-gratuitos-en-el-auditorio-antar-este-fin-de-semana\/#breadcrumb\",\"itemListElement\":[{\"@type\":\"ListItem\",\"position\":1,\"name\":\"Portada\",\"item\":\"http:\/\/vientosur.top\/museo\/\"},{\"@type\":\"ListItem\",\"position\":2,\"name\":\"Recitales gratuitos en el Auditorio Antar este fin de semana\"}]},{\"@type\":\"WebSite\",\"@id\":\"http:\/\/vientosur.top\/museo\/#website\",\"url\":\"http:\/\/vientosur.top\/museo\/\",\"name\":\"Museo Violeta Parra\",\"description\":\"Espacio que alberga tanto la memoria y legado creativo de la artista\",\"potentialAction\":[{\"@type\":\"SearchAction\",\"target\":{\"@type\":\"EntryPoint\",\"urlTemplate\":\"http:\/\/vientosur.top\/museo\/?s={search_term_string}\"},\"query-input\":{\"@type\":\"PropertyValueSpecification\",\"valueRequired\":true,\"valueName\":\"search_term_string\"}}],\"inLanguage\":\"es\"},{\"@type\":\"Person\",\"@id\":\"http:\/\/vientosur.top\/museo\/#\/schema\/person\/20c79d3c38800971feec8c2693c3dd9c\",\"name\":\"admin\",\"image\":{\"@type\":\"ImageObject\",\"inLanguage\":\"es\",\"@id\":\"http:\/\/vientosur.top\/museo\/#\/schema\/person\/image\/\",\"url\":\"https:\/\/secure.gravatar.com\/avatar\/713677ece3ffa642287213a80e5b773bce9ab81c269dd6d95102a990951c922f?s=96&d=mm&r=g\",\"contentUrl\":\"https:\/\/secure.gravatar.com\/avatar\/713677ece3ffa642287213a80e5b773bce9ab81c269dd6d95102a990951c922f?s=96&d=mm&r=g\",\"caption\":\"admin\"},\"sameAs\":[\"http:\/\/vientosur.top\/museo\"],\"url\":\"http:\/\/vientosur.top\/museo\/author\/comunicacionesmvp\/\"}]}<\/script>\n<!-- \/ Yoast SEO plugin. -->","yoast_head_json":{"title":"Recitales gratuitos en el Auditorio Antar este fin de semana - Museo Violeta Parra","robots":{"index":"index","follow":"follow","max-snippet":"max-snippet:-1","max-image-preview":"max-image-preview:large","max-video-preview":"max-video-preview:-1"},"canonical":"http:\/\/vientosur.top\/museo\/recitales-gratuitos-en-el-auditorio-antar-este-fin-de-semana\/","og_locale":"es_ES","og_type":"article","og_title":"Recitales gratuitos en el Auditorio Antar este fin de semana - Museo Violeta Parra","og_description":"El s\u00e1bado se presentar\u00e1 \u201cTita Parra &amp; Cuarteto Rel\u00e1mpago\u201d, mientras que el domingo ser\u00e1 el turno del m\u00fasico Luis Lima, cuyo espect\u00e1culo est\u00e1 enmarcado en la jornada de encuentro, di\u00e1logo, m\u00fasica y poes\u00eda de Brasil.","og_url":"http:\/\/vientosur.top\/museo\/recitales-gratuitos-en-el-auditorio-antar-este-fin-de-semana\/","og_site_name":"Museo Violeta Parra","article_published_time":"2016-03-24T13:01:47+00:00","author":"admin","twitter_card":"summary_large_image","twitter_misc":{"Escrito por":"admin","Tiempo de lectura":"2 minutos"},"schema":{"@context":"https:\/\/schema.org","@graph":[{"@type":"WebPage","@id":"http:\/\/vientosur.top\/museo\/recitales-gratuitos-en-el-auditorio-antar-este-fin-de-semana\/","url":"http:\/\/vientosur.top\/museo\/recitales-gratuitos-en-el-auditorio-antar-este-fin-de-semana\/","name":"Recitales gratuitos en el Auditorio Antar este fin de semana - Museo Violeta Parra","isPartOf":{"@id":"http:\/\/vientosur.top\/museo\/#website"},"primaryImageOfPage":{"@id":"http:\/\/vientosur.top\/museo\/recitales-gratuitos-en-el-auditorio-antar-este-fin-de-semana\/#primaryimage"},"image":{"@id":"http:\/\/vientosur.top\/museo\/recitales-gratuitos-en-el-auditorio-antar-este-fin-de-semana\/#primaryimage"},"thumbnailUrl":"","datePublished":"2016-03-24T13:01:47+00:00","author":{"@id":"http:\/\/vientosur.top\/museo\/#\/schema\/person\/20c79d3c38800971feec8c2693c3dd9c"},"breadcrumb":{"@id":"http:\/\/vientosur.top\/museo\/recitales-gratuitos-en-el-auditorio-antar-este-fin-de-semana\/#breadcrumb"},"inLanguage":"es","potentialAction":[{"@type":"ReadAction","target":["http:\/\/vientosur.top\/museo\/recitales-gratuitos-en-el-auditorio-antar-este-fin-de-semana\/"]}]},{"@type":"ImageObject","inLanguage":"es","@id":"http:\/\/vientosur.top\/museo\/recitales-gratuitos-en-el-auditorio-antar-este-fin-de-semana\/#primaryimage","url":"","contentUrl":""},{"@type":"BreadcrumbList","@id":"http:\/\/vientosur.top\/museo\/recitales-gratuitos-en-el-auditorio-antar-este-fin-de-semana\/#breadcrumb","itemListElement":[{"@type":"ListItem","position":1,"name":"Portada","item":"http:\/\/vientosur.top\/museo\/"},{"@type":"ListItem","position":2,"name":"Recitales gratuitos en el Auditorio Antar este fin de semana"}]},{"@type":"WebSite","@id":"http:\/\/vientosur.top\/museo\/#website","url":"http:\/\/vientosur.top\/museo\/","name":"Museo Violeta Parra","description":"Espacio que alberga tanto la memoria y legado creativo de la artista","potentialAction":[{"@type":"SearchAction","target":{"@type":"EntryPoint","urlTemplate":"http:\/\/vientosur.top\/museo\/?s={search_term_string}"},"query-input":{"@type":"PropertyValueSpecification","valueRequired":true,"valueName":"search_term_string"}}],"inLanguage":"es"},{"@type":"Person","@id":"http:\/\/vientosur.top\/museo\/#\/schema\/person\/20c79d3c38800971feec8c2693c3dd9c","name":"admin","image":{"@type":"ImageObject","inLanguage":"es","@id":"http:\/\/vientosur.top\/museo\/#\/schema\/person\/image\/","url":"https:\/\/secure.gravatar.com\/avatar\/713677ece3ffa642287213a80e5b773bce9ab81c269dd6d95102a990951c922f?s=96&d=mm&r=g","contentUrl":"https:\/\/secure.gravatar.com\/avatar\/713677ece3ffa642287213a80e5b773bce9ab81c269dd6d95102a990951c922f?s=96&d=mm&r=g","caption":"admin"},"sameAs":["http:\/\/vientosur.top\/museo"],"url":"http:\/\/vientosur.top\/museo\/author\/comunicacionesmvp\/"}]}},"_links":{"self":[{"href":"http:\/\/vientosur.top\/museo\/wp-json\/wp\/v2\/posts\/973","targetHints":{"allow":["GET"]}}],"collection":[{"href":"http:\/\/vientosur.top\/museo\/wp-json\/wp\/v2\/posts"}],"about":[{"href":"http:\/\/vientosur.top\/museo\/wp-json\/wp\/v2\/types\/post"}],"author":[{"embeddable":true,"href":"http:\/\/vientosur.top\/museo\/wp-json\/wp\/v2\/users\/5"}],"replies":[{"embeddable":true,"href":"http:\/\/vientosur.top\/museo\/wp-json\/wp\/v2\/comments?post=973"}],"version-history":[{"count":0,"href":"http:\/\/vientosur.top\/museo\/wp-json\/wp\/v2\/posts\/973\/revisions"}],"wp:featuredmedia":[{"embeddable":true,"href":"http:\/\/vientosur.top\/museo\/wp-json\/"}],"wp:attachment":[{"href":"http:\/\/vientosur.top\/museo\/wp-json\/wp\/v2\/media?parent=973"}],"wp:term":[{"taxonomy":"category","embeddable":true,"href":"http:\/\/vientosur.top\/museo\/wp-json\/wp\/v2\/categories?post=973"},{"taxonomy":"post_tag","embeddable":true,"href":"http:\/\/vientosur.top\/museo\/wp-json\/wp\/v2\/tags?post=973"}],"curies":[{"name":"wp","href":"https:\/\/api.w.org\/{rel}","templated":true}]}}